{"id":3832,"date":"2023-09-19T12:14:21","date_gmt":"2023-09-19T12:14:21","guid":{"rendered":"https:\/\/dev.mondoestudio.es\/twiga\/?p=3832"},"modified":"2024-05-09T11:24:52","modified_gmt":"2024-05-09T11:24:52","slug":"europa-press-publicado-el-libro-la-comunicacion-noviolenta-en-el-trabajo-sobre-como-mejorar-las-relaciones-profesionales","status":"publish","type":"post","link":"https:\/\/dev.mondoestudio.es\/twiga\/europa-press-publicado-el-libro-la-comunicacion-noviolenta-en-el-trabajo-sobre-como-mejorar-las-relaciones-profesionales\/","title":{"rendered":"Europa Press, Publicado el libro \u2018La Comunicaci\u00f3n NoViolenta en el trabajo\u2019, sobre c\u00f3mo mejorar las relaciones profesionales"},"content":{"rendered":"\n<figure class=\"wp-block-image aligncenter size-full\"><img loading=\"lazy\" decoding=\"async\" width=\"690\" height=\"460\" src=\"https:\/\/dev.mondoestudio.es\/twiga\/wp-content\/uploads\/2024\/04\/twiga-europa-press-publicacion-libro.webp\" alt=\"\" class=\"wp-image-3837\" srcset=\"https:\/\/dev.mondoestudio.es\/twiga\/wp-content\/uploads\/2024\/04\/twiga-europa-press-publicacion-libro.webp 690w, https:\/\/dev.mondoestudio.es\/twiga\/wp-content\/uploads\/2024\/04\/twiga-europa-press-publicacion-libro-300x200.webp 300w\" sizes=\"auto, (max-width: 690px) 100vw, 690px\" \/><figcaption class=\"wp-element-caption\">Marta Delgado Urdanibia y Mar Madrid Caballero, en el acto de presentaci\u00f3n de su libro &#8216;La Comunicaci\u00f3n NoViolenta en el trabajo&#8217;.<\/figcaption><\/figure>\n\n\n\n<p style=\"line-height:1.5\">MADRID, 19 Sep. (EUROPA PRESS) &#8211; El libro &#8216;La Comunicaci\u00f3n NoViolenta en el trabajo. Un enfoque colaborativo para empresas, instituciones, escuelas y grupos&#8217; (Editorial Acanto) ha sido presentado este lunes por sus autoras, Marta Delgado Urdanibia y Mar Madrid Caballero, que en esta obra dan pautas sobre c\u00f3mo interactuar con otras personas de manera m\u00e1s eficaz, mejorando la comunicaci\u00f3n y facilitando las relaciones profesionales.<br>\u00abEl prop\u00f3sito de este libro es proponer una manera de relacionarnos y comunicarnos en el \u00e1mbito profesional, extensible al personal, que promueva la conexi\u00f3n natural entre las personas, facilitando entornos laborales basados en la confianza y la colaboraci\u00f3n\u00bb, ha explicado Mar Madrid.<br>Seg\u00fan ha afirmado, el libro expone qu\u00e9 elementos de la comunicaci\u00f3n \u00abgeneran acercamiento, incluso en una situaci\u00f3n de conflicto o en una negociaci\u00f3n dif\u00edcil\u00bb, y cu\u00e1les \u00abgeneran distanciamiento y escalan el conflicto\u00bb.<br>Adem\u00e1s, incluye distintos ejemplos de situaciones en el \u00e1mbito profesional que generan estr\u00e9s y desgaste y propone formas de abordarlas con eficacia y facilidad.<br><br><a href=\"https:\/\/elpais.com\/economia\/negocios\/2023-09-25\/cuidado-con-las-palabras-las-carga-el-diablo.html#\">Segu<\/a><a href=\"https:\/\/dev.mondoestudio.es\/twiga\/wp-content\/uploads\/2024\/04\/Publicado-el-libro-La-Comunicacion-NoViolenta-en-el-trabajo-sobre-como-mejorar-las-relaciones-profesionales_europa_press.pdf\" target=\"_blank\" rel=\"noreferrer noopener\">ir leyendo<\/a><\/p>\n","protected":false},"excerpt":{"rendered":"<p>El prop\u00f3sito de este libro es proponer una manera de relacionarnos y comunicarnos en el \u00e1mbito profesional, extensible al personal, que promueva<br \/>\nla conexi\u00f3n natural entre las personas, facilitando entornos laborales basados en la confianza y la colaboraci\u00f3n.<\/p>\n","protected":false},"author":1,"featured_media":3837,"comment_status":"closed","ping_status":"closed","sticky":false,"template":"","format":"standard","meta":{"_uag_custom_page_level_css":"","site-sidebar-layout":"default","site-content-layout":"","ast-site-content-layout":"normal-width-container","site-content-style":"boxed","site-sidebar-style":"default","ast-global-header-display":"","ast-banner-title-visibility":"","ast-main-header-display":"","ast-hfb-above-header-display":"","ast-hfb-below-header-display":"","ast-hfb-mobile-header-display":"","site-post-title":"","ast-breadcrumbs-content":"","ast-featured-img":"","footer-sml-layout":"","theme-transparent-header-meta":"","adv-header-id-meta":"","stick-header-meta":"","header-above-stick-meta":"","header-main-stick-meta":"","header-below-stick-meta":"","astra-migrate-meta-layouts":"default","ast-page-background-enabled":"default","ast-page-background-meta":{"desktop":{"background-color":"var(--ast-global-color-4)","background-image":"","background-repeat":"repeat","background-position":"center center","background-size":"auto","background-attachment":"scroll","background-type":"","background-media":"","overlay-type":"","overlay-color":"","overlay-gradient":""},"tablet":{"background-color":"","background-image":"","background-repeat":"repeat","background-position":"center center","background-size":"auto","background-attachment":"scroll","background-type":"","background-media":"","overlay-type":"","overlay-color":"","overlay-gradient":""},"mobile":{"background-color":"","background-image":"","background-repeat":"repeat","background-position":"center center","background-size":"auto","background-attachment":"scroll","background-type":"","background-media":"","overlay-type":"","overlay-color":"","overlay-gradient":""}},"ast-content-background-meta":{"desktop":{"background-color":"var(--ast-global-color-5)","background-image":"","background-repeat":"repeat","background-position":"center center","background-size":"auto","background-attachment":"scroll","background-type":"","background-media":"","overlay-type":"","overlay-color":"","overlay-gradient":""},"tablet":{"background-color":"var(--ast-global-color-5)","background-image":"","background-repeat":"repeat","background-position":"center center","background-size":"auto","background-attachment":"scroll","background-type":"","background-media":"","overlay-type":"","overlay-color":"","overlay-gradient":""},"mobile":{"background-color":"var(--ast-global-color-5)","background-image":"","background-repeat":"repeat","background-position":"center center","background-size":"auto","background-attachment":"scroll","background-type":"","background-media":"","overlay-type":"","overlay-color":"","overlay-gradient":""}},"footnotes":""},"categories":[8],"tags":[],"class_list":["post-3832","post","type-post","status-publish","format-standard","has-post-thumbnail","hentry","category-publicaciones"],"yoast_head":"<!-- This site is optimized with the Yoast SEO Premium plugin v20.10 (Yoast SEO v22.6) - https:\/\/yoast.com\/wordpress\/plugins\/seo\/ -->\n<title>Nuevo Libro revela claves para mejorar las relaciones profesionales a trav\u00e9s de la Comunicaci\u00f3n No Violenta<\/title>\n<meta name=\"description\" content=\"Descubre el libro de Europa Press sobre la Comunicaci\u00f3n No Violenta en el trabajo y c\u00f3mo aplicarla para mejorar tus relaciones profesionales y el ambiente laboral.\" \/>\n<meta name=\"robots\" content=\"noindex, follow, max-snippet:-1, max-image-preview:large, max-video-preview:-1\" \/>\n<meta property=\"og:locale\" content=\"es_ES\" \/>\n<meta property=\"og:type\" content=\"article\" \/>\n<meta property=\"og:title\" content=\"Europa Press, Publicado el libro \u2018La Comunicaci\u00f3n NoViolenta en el trabajo\u2019, sobre c\u00f3mo mejorar las relaciones profesionales\" \/>\n<meta property=\"og:description\" content=\"Descubre el libro de Europa Press sobre la Comunicaci\u00f3n No Violenta en el trabajo y c\u00f3mo aplicarla para mejorar tus relaciones profesionales y el ambiente laboral.\" \/>\n<meta property=\"og:url\" content=\"https:\/\/dev.mondoestudio.es\/twiga\/europa-press-publicado-el-libro-la-comunicacion-noviolenta-en-el-trabajo-sobre-como-mejorar-las-relaciones-profesionales\/\" \/>\n<meta property=\"og:site_name\" content=\"Twiga Strategy\" \/>\n<meta property=\"article:published_time\" content=\"2023-09-19T12:14:21+00:00\" \/>\n<meta property=\"article:modified_time\" content=\"2024-05-09T11:24:52+00:00\" \/>\n<meta property=\"og:image\" content=\"https:\/\/dev.mondoestudio.es\/twiga\/wp-content\/uploads\/2024\/04\/twiga-europa-press-publicacion-libro.webp\" \/>\n\t<meta property=\"og:image:width\" content=\"690\" \/>\n\t<meta property=\"og:image:height\" content=\"460\" \/>\n\t<meta property=\"og:image:type\" content=\"image\/webp\" \/>\n<meta name=\"author\" content=\"mondo\" \/>\n<meta name=\"twitter:card\" content=\"summary_large_image\" \/>\n<meta name=\"twitter:label1\" content=\"Escrito por\" \/>\n\t<meta name=\"twitter:data1\" content=\"mondo\" \/>\n\t<meta name=\"twitter:label2\" content=\"Tiempo de lectura\" \/>\n\t<meta name=\"twitter:data2\" content=\"2 minutos\" \/>\n<script type=\"application\/ld+json\" class=\"yoast-schema-graph\">{\"@context\":\"https:\/\/schema.org\",\"@graph\":[{\"@type\":\"Article\",\"@id\":\"https:\/\/dev.mondoestudio.es\/twiga\/europa-press-publicado-el-libro-la-comunicacion-noviolenta-en-el-trabajo-sobre-como-mejorar-las-relaciones-profesionales\/#article\",\"isPartOf\":{\"@id\":\"https:\/\/dev.mondoestudio.es\/twiga\/europa-press-publicado-el-libro-la-comunicacion-noviolenta-en-el-trabajo-sobre-como-mejorar-las-relaciones-profesionales\/\"},\"author\":{\"name\":\"mondo\",\"@id\":\"https:\/\/dev.mondoestudio.es\/twiga\/#\/schema\/person\/58823b3cfb591281663d244f017379a7\"},\"headline\":\"Europa Press, Publicado el libro \u2018La Comunicaci\u00f3n NoViolenta en el trabajo\u2019, sobre c\u00f3mo mejorar las relaciones profesionales\",\"datePublished\":\"2023-09-19T12:14:21+00:00\",\"dateModified\":\"2024-05-09T11:24:52+00:00\",\"mainEntityOfPage\":{\"@id\":\"https:\/\/dev.mondoestudio.es\/twiga\/europa-press-publicado-el-libro-la-comunicacion-noviolenta-en-el-trabajo-sobre-como-mejorar-las-relaciones-profesionales\/\"},\"wordCount\":221,\"publisher\":{\"@id\":\"https:\/\/dev.mondoestudio.es\/twiga\/#organization\"},\"image\":{\"@id\":\"https:\/\/dev.mondoestudio.es\/twiga\/europa-press-publicado-el-libro-la-comunicacion-noviolenta-en-el-trabajo-sobre-como-mejorar-las-relaciones-profesionales\/#primaryimage\"},\"thumbnailUrl\":\"https:\/\/dev.mondoestudio.es\/twiga\/wp-content\/uploads\/2024\/04\/twiga-europa-press-publicacion-libro.webp\",\"articleSection\":[\"Publicaciones\"],\"inLanguage\":\"es\"},{\"@type\":\"WebPage\",\"@id\":\"https:\/\/dev.mondoestudio.es\/twiga\/europa-press-publicado-el-libro-la-comunicacion-noviolenta-en-el-trabajo-sobre-como-mejorar-las-relaciones-profesionales\/\",\"url\":\"https:\/\/dev.mondoestudio.es\/twiga\/europa-press-publicado-el-libro-la-comunicacion-noviolenta-en-el-trabajo-sobre-como-mejorar-las-relaciones-profesionales\/\",\"name\":\"Nuevo Libro revela claves para mejorar las relaciones profesionales a trav\u00e9s de la Comunicaci\u00f3n No Violenta\",\"isPartOf\":{\"@id\":\"https:\/\/dev.mondoestudio.es\/twiga\/#website\"},\"primaryImageOfPage\":{\"@id\":\"https:\/\/dev.mondoestudio.es\/twiga\/europa-press-publicado-el-libro-la-comunicacion-noviolenta-en-el-trabajo-sobre-como-mejorar-las-relaciones-profesionales\/#primaryimage\"},\"image\":{\"@id\":\"https:\/\/dev.mondoestudio.es\/twiga\/europa-press-publicado-el-libro-la-comunicacion-noviolenta-en-el-trabajo-sobre-como-mejorar-las-relaciones-profesionales\/#primaryimage\"},\"thumbnailUrl\":\"https:\/\/dev.mondoestudio.es\/twiga\/wp-content\/uploads\/2024\/04\/twiga-europa-press-publicacion-libro.webp\",\"datePublished\":\"2023-09-19T12:14:21+00:00\",\"dateModified\":\"2024-05-09T11:24:52+00:00\",\"description\":\"Descubre el libro de Europa Press sobre la Comunicaci\u00f3n No Violenta en el trabajo y c\u00f3mo aplicarla para mejorar tus relaciones profesionales y el ambiente laboral.\",\"breadcrumb\":{\"@id\":\"https:\/\/dev.mondoestudio.es\/twiga\/europa-press-publicado-el-libro-la-comunicacion-noviolenta-en-el-trabajo-sobre-como-mejorar-las-relaciones-profesionales\/#breadcrumb\"},\"inLanguage\":\"es\",\"potentialAction\":[{\"@type\":\"ReadAction\",\"target\":[\"https:\/\/dev.mondoestudio.es\/twiga\/europa-press-publicado-el-libro-la-comunicacion-noviolenta-en-el-trabajo-sobre-como-mejorar-las-relaciones-profesionales\/\"]}]},{\"@type\":\"ImageObject\",\"inLanguage\":\"es\",\"@id\":\"https:\/\/dev.mondoestudio.es\/twiga\/europa-press-publicado-el-libro-la-comunicacion-noviolenta-en-el-trabajo-sobre-como-mejorar-las-relaciones-profesionales\/#primaryimage\",\"url\":\"https:\/\/dev.mondoestudio.es\/twiga\/wp-content\/uploads\/2024\/04\/twiga-europa-press-publicacion-libro.webp\",\"contentUrl\":\"https:\/\/dev.mondoestudio.es\/twiga\/wp-content\/uploads\/2024\/04\/twiga-europa-press-publicacion-libro.webp\",\"width\":690,\"height\":460,\"caption\":\"Marta Delgado Urdanibia y Mar Madrid Caballero, en el acto de presentaci\u00f3n de su libro 'La Comunicaci\u00f3n NoViolenta en el trabajo'.\"},{\"@type\":\"BreadcrumbList\",\"@id\":\"https:\/\/dev.mondoestudio.es\/twiga\/europa-press-publicado-el-libro-la-comunicacion-noviolenta-en-el-trabajo-sobre-como-mejorar-las-relaciones-profesionales\/#breadcrumb\",\"itemListElement\":[{\"@type\":\"ListItem\",\"position\":1,\"name\":\"Portada\",\"item\":\"https:\/\/dev.mondoestudio.es\/twiga\/\"},{\"@type\":\"ListItem\",\"position\":2,\"name\":\"Europa Press, Publicado el libro \u2018La Comunicaci\u00f3n NoViolenta en el trabajo\u2019, sobre c\u00f3mo mejorar las relaciones profesionales\"}]},{\"@type\":\"WebSite\",\"@id\":\"https:\/\/dev.mondoestudio.es\/twiga\/#website\",\"url\":\"https:\/\/dev.mondoestudio.es\/twiga\/\",\"name\":\"Twiga Strategy\",\"description\":\"\",\"publisher\":{\"@id\":\"https:\/\/dev.mondoestudio.es\/twiga\/#organization\"},\"potentialAction\":[{\"@type\":\"SearchAction\",\"target\":{\"@type\":\"EntryPoint\",\"urlTemplate\":\"https:\/\/dev.mondoestudio.es\/twiga\/?s={search_term_string}\"},\"query-input\":\"required name=search_term_string\"}],\"inLanguage\":\"es\"},{\"@type\":\"Organization\",\"@id\":\"https:\/\/dev.mondoestudio.es\/twiga\/#organization\",\"name\":\"Twiga Strategy\",\"url\":\"https:\/\/dev.mondoestudio.es\/twiga\/\",\"logo\":{\"@type\":\"ImageObject\",\"inLanguage\":\"es\",\"@id\":\"https:\/\/dev.mondoestudio.es\/twiga\/#\/schema\/logo\/image\/\",\"url\":\"https:\/\/dev.mondoestudio.es\/twiga\/wp-content\/uploads\/2024\/03\/Layer_1.png\",\"contentUrl\":\"https:\/\/dev.mondoestudio.es\/twiga\/wp-content\/uploads\/2024\/03\/Layer_1.png\",\"width\":117,\"height\":80,\"caption\":\"Twiga Strategy\"},\"image\":{\"@id\":\"https:\/\/dev.mondoestudio.es\/twiga\/#\/schema\/logo\/image\/\"}},{\"@type\":\"Person\",\"@id\":\"https:\/\/dev.mondoestudio.es\/twiga\/#\/schema\/person\/58823b3cfb591281663d244f017379a7\",\"name\":\"mondo\",\"image\":{\"@type\":\"ImageObject\",\"inLanguage\":\"es\",\"@id\":\"https:\/\/dev.mondoestudio.es\/twiga\/#\/schema\/person\/image\/\",\"url\":\"https:\/\/secure.gravatar.com\/avatar\/407d20c32e8b48735a147370523640e8af6fdcdb2983ea5492ac1e61543c59d2?s=96&d=mm&r=g\",\"contentUrl\":\"https:\/\/secure.gravatar.com\/avatar\/407d20c32e8b48735a147370523640e8af6fdcdb2983ea5492ac1e61543c59d2?s=96&d=mm&r=g\",\"caption\":\"mondo\"},\"sameAs\":[\"https:\/\/dev.mondoestudio.es\/twiga\"],\"url\":\"https:\/\/dev.mondoestudio.es\/twiga\/author\/mondo\/\"}]}<\/script>\n<!-- \/ Yoast SEO Premium plugin. -->","yoast_head_json":{"title":"Nuevo Libro revela claves para mejorar las relaciones profesionales a trav\u00e9s de la Comunicaci\u00f3n No Violenta","description":"Descubre el libro de Europa Press sobre la Comunicaci\u00f3n No Violenta en el trabajo y c\u00f3mo aplicarla para mejorar tus relaciones profesionales y el ambiente laboral.","robots":{"index":"noindex","follow":"follow","max-snippet":"max-snippet:-1","max-image-preview":"max-image-preview:large","max-video-preview":"max-video-preview:-1"},"og_locale":"es_ES","og_type":"article","og_title":"Europa Press, Publicado el libro \u2018La Comunicaci\u00f3n NoViolenta en el trabajo\u2019, sobre c\u00f3mo mejorar las relaciones profesionales","og_description":"Descubre el libro de Europa Press sobre la Comunicaci\u00f3n No Violenta en el trabajo y c\u00f3mo aplicarla para mejorar tus relaciones profesionales y el ambiente laboral.","og_url":"https:\/\/dev.mondoestudio.es\/twiga\/europa-press-publicado-el-libro-la-comunicacion-noviolenta-en-el-trabajo-sobre-como-mejorar-las-relaciones-profesionales\/","og_site_name":"Twiga Strategy","article_published_time":"2023-09-19T12:14:21+00:00","article_modified_time":"2024-05-09T11:24:52+00:00","og_image":[{"width":690,"height":460,"url":"https:\/\/dev.mondoestudio.es\/twiga\/wp-content\/uploads\/2024\/04\/twiga-europa-press-publicacion-libro.webp","type":"image\/webp"}],"author":"mondo","twitter_card":"summary_large_image","twitter_misc":{"Escrito por":"mondo","Tiempo de lectura":"2 minutos"},"schema":{"@context":"https:\/\/schema.org","@graph":[{"@type":"Article","@id":"https:\/\/dev.mondoestudio.es\/twiga\/europa-press-publicado-el-libro-la-comunicacion-noviolenta-en-el-trabajo-sobre-como-mejorar-las-relaciones-profesionales\/#article","isPartOf":{"@id":"https:\/\/dev.mondoestudio.es\/twiga\/europa-press-publicado-el-libro-la-comunicacion-noviolenta-en-el-trabajo-sobre-como-mejorar-las-relaciones-profesionales\/"},"author":{"name":"mondo","@id":"https:\/\/dev.mondoestudio.es\/twiga\/#\/schema\/person\/58823b3cfb591281663d244f017379a7"},"headline":"Europa Press, Publicado el libro \u2018La Comunicaci\u00f3n NoViolenta en el trabajo\u2019, sobre c\u00f3mo mejorar las relaciones profesionales","datePublished":"2023-09-19T12:14:21+00:00","dateModified":"2024-05-09T11:24:52+00:00","mainEntityOfPage":{"@id":"https:\/\/dev.mondoestudio.es\/twiga\/europa-press-publicado-el-libro-la-comunicacion-noviolenta-en-el-trabajo-sobre-como-mejorar-las-relaciones-profesionales\/"},"wordCount":221,"publisher":{"@id":"https:\/\/dev.mondoestudio.es\/twiga\/#organization"},"image":{"@id":"https:\/\/dev.mondoestudio.es\/twiga\/europa-press-publicado-el-libro-la-comunicacion-noviolenta-en-el-trabajo-sobre-como-mejorar-las-relaciones-profesionales\/#primaryimage"},"thumbnailUrl":"https:\/\/dev.mondoestudio.es\/twiga\/wp-content\/uploads\/2024\/04\/twiga-europa-press-publicacion-libro.webp","articleSection":["Publicaciones"],"inLanguage":"es"},{"@type":"WebPage","@id":"https:\/\/dev.mondoestudio.es\/twiga\/europa-press-publicado-el-libro-la-comunicacion-noviolenta-en-el-trabajo-sobre-como-mejorar-las-relaciones-profesionales\/","url":"https:\/\/dev.mondoestudio.es\/twiga\/europa-press-publicado-el-libro-la-comunicacion-noviolenta-en-el-trabajo-sobre-como-mejorar-las-relaciones-profesionales\/","name":"Nuevo Libro revela claves para mejorar las relaciones profesionales a trav\u00e9s de la Comunicaci\u00f3n No Violenta","isPartOf":{"@id":"https:\/\/dev.mondoestudio.es\/twiga\/#website"},"primaryImageOfPage":{"@id":"https:\/\/dev.mondoestudio.es\/twiga\/europa-press-publicado-el-libro-la-comunicacion-noviolenta-en-el-trabajo-sobre-como-mejorar-las-relaciones-profesionales\/#primaryimage"},"image":{"@id":"https:\/\/dev.mondoestudio.es\/twiga\/europa-press-publicado-el-libro-la-comunicacion-noviolenta-en-el-trabajo-sobre-como-mejorar-las-relaciones-profesionales\/#primaryimage"},"thumbnailUrl":"https:\/\/dev.mondoestudio.es\/twiga\/wp-content\/uploads\/2024\/04\/twiga-europa-press-publicacion-libro.webp","datePublished":"2023-09-19T12:14:21+00:00","dateModified":"2024-05-09T11:24:52+00:00","description":"Descubre el libro de Europa Press sobre la Comunicaci\u00f3n No Violenta en el trabajo y c\u00f3mo aplicarla para mejorar tus relaciones profesionales y el ambiente laboral.","breadcrumb":{"@id":"https:\/\/dev.mondoestudio.es\/twiga\/europa-press-publicado-el-libro-la-comunicacion-noviolenta-en-el-trabajo-sobre-como-mejorar-las-relaciones-profesionales\/#breadcrumb"},"inLanguage":"es","potentialAction":[{"@type":"ReadAction","target":["https:\/\/dev.mondoestudio.es\/twiga\/europa-press-publicado-el-libro-la-comunicacion-noviolenta-en-el-trabajo-sobre-como-mejorar-las-relaciones-profesionales\/"]}]},{"@type":"ImageObject","inLanguage":"es","@id":"https:\/\/dev.mondoestudio.es\/twiga\/europa-press-publicado-el-libro-la-comunicacion-noviolenta-en-el-trabajo-sobre-como-mejorar-las-relaciones-profesionales\/#primaryimage","url":"https:\/\/dev.mondoestudio.es\/twiga\/wp-content\/uploads\/2024\/04\/twiga-europa-press-publicacion-libro.webp","contentUrl":"https:\/\/dev.mondoestudio.es\/twiga\/wp-content\/uploads\/2024\/04\/twiga-europa-press-publicacion-libro.webp","width":690,"height":460,"caption":"Marta Delgado Urdanibia y Mar Madrid Caballero, en el acto de presentaci\u00f3n de su libro 'La Comunicaci\u00f3n NoViolenta en el trabajo'."},{"@type":"BreadcrumbList","@id":"https:\/\/dev.mondoestudio.es\/twiga\/europa-press-publicado-el-libro-la-comunicacion-noviolenta-en-el-trabajo-sobre-como-mejorar-las-relaciones-profesionales\/#breadcrumb","itemListElement":[{"@type":"ListItem","position":1,"name":"Portada","item":"https:\/\/dev.mondoestudio.es\/twiga\/"},{"@type":"ListItem","position":2,"name":"Europa Press, Publicado el libro \u2018La Comunicaci\u00f3n NoViolenta en el trabajo\u2019, sobre c\u00f3mo mejorar las relaciones profesionales"}]},{"@type":"WebSite","@id":"https:\/\/dev.mondoestudio.es\/twiga\/#website","url":"https:\/\/dev.mondoestudio.es\/twiga\/","name":"Twiga Strategy","description":"","publisher":{"@id":"https:\/\/dev.mondoestudio.es\/twiga\/#organization"},"potentialAction":[{"@type":"SearchAction","target":{"@type":"EntryPoint","urlTemplate":"https:\/\/dev.mondoestudio.es\/twiga\/?s={search_term_string}"},"query-input":"required name=search_term_string"}],"inLanguage":"es"},{"@type":"Organization","@id":"https:\/\/dev.mondoestudio.es\/twiga\/#organization","name":"Twiga Strategy","url":"https:\/\/dev.mondoestudio.es\/twiga\/","logo":{"@type":"ImageObject","inLanguage":"es","@id":"https:\/\/dev.mondoestudio.es\/twiga\/#\/schema\/logo\/image\/","url":"https:\/\/dev.mondoestudio.es\/twiga\/wp-content\/uploads\/2024\/03\/Layer_1.png","contentUrl":"https:\/\/dev.mondoestudio.es\/twiga\/wp-content\/uploads\/2024\/03\/Layer_1.png","width":117,"height":80,"caption":"Twiga Strategy"},"image":{"@id":"https:\/\/dev.mondoestudio.es\/twiga\/#\/schema\/logo\/image\/"}},{"@type":"Person","@id":"https:\/\/dev.mondoestudio.es\/twiga\/#\/schema\/person\/58823b3cfb591281663d244f017379a7","name":"mondo","image":{"@type":"ImageObject","inLanguage":"es","@id":"https:\/\/dev.mondoestudio.es\/twiga\/#\/schema\/person\/image\/","url":"https:\/\/secure.gravatar.com\/avatar\/407d20c32e8b48735a147370523640e8af6fdcdb2983ea5492ac1e61543c59d2?s=96&d=mm&r=g","contentUrl":"https:\/\/secure.gravatar.com\/avatar\/407d20c32e8b48735a147370523640e8af6fdcdb2983ea5492ac1e61543c59d2?s=96&d=mm&r=g","caption":"mondo"},"sameAs":["https:\/\/dev.mondoestudio.es\/twiga"],"url":"https:\/\/dev.mondoestudio.es\/twiga\/author\/mondo\/"}]}},"uagb_featured_image_src":{"full":["https:\/\/dev.mondoestudio.es\/twiga\/wp-content\/uploads\/2024\/04\/twiga-europa-press-publicacion-libro.webp",690,460,false],"thumbnail":["https:\/\/dev.mondoestudio.es\/twiga\/wp-content\/uploads\/2024\/04\/twiga-europa-press-publicacion-libro-150x150.webp",150,150,true],"medium":["https:\/\/dev.mondoestudio.es\/twiga\/wp-content\/uploads\/2024\/04\/twiga-europa-press-publicacion-libro-300x200.webp",300,200,true],"medium_large":["https:\/\/dev.mondoestudio.es\/twiga\/wp-content\/uploads\/2024\/04\/twiga-europa-press-publicacion-libro.webp",690,460,false],"large":["https:\/\/dev.mondoestudio.es\/twiga\/wp-content\/uploads\/2024\/04\/twiga-europa-press-publicacion-libro.webp",690,460,false],"1536x1536":["https:\/\/dev.mondoestudio.es\/twiga\/wp-content\/uploads\/2024\/04\/twiga-europa-press-publicacion-libro.webp",690,460,false],"2048x2048":["https:\/\/dev.mondoestudio.es\/twiga\/wp-content\/uploads\/2024\/04\/twiga-europa-press-publicacion-libro.webp",690,460,false]},"uagb_author_info":{"display_name":"mondo","author_link":"https:\/\/dev.mondoestudio.es\/twiga\/author\/mondo\/"},"uagb_comment_info":0,"uagb_excerpt":"El prop\u00f3sito de este libro es proponer una manera de relacionarnos y comunicarnos en el \u00e1mbito profesional, extensible al personal, que promueva la conexi\u00f3n natural entre las personas, facilitando entornos laborales basados en la confianza y la colaboraci\u00f3n.","_links":{"self":[{"href":"https:\/\/dev.mondoestudio.es\/twiga\/wp-json\/wp\/v2\/posts\/3832","targetHints":{"allow":["GET"]}}],"collection":[{"href":"https:\/\/dev.mondoestudio.es\/twiga\/wp-json\/wp\/v2\/posts"}],"about":[{"href":"https:\/\/dev.mondoestudio.es\/twiga\/wp-json\/wp\/v2\/types\/post"}],"author":[{"embeddable":true,"href":"https:\/\/dev.mondoestudio.es\/twiga\/wp-json\/wp\/v2\/users\/1"}],"replies":[{"embeddable":true,"href":"https:\/\/dev.mondoestudio.es\/twiga\/wp-json\/wp\/v2\/comments?post=3832"}],"version-history":[{"count":9,"href":"https:\/\/dev.mondoestudio.es\/twiga\/wp-json\/wp\/v2\/posts\/3832\/revisions"}],"predecessor-version":[{"id":3857,"href":"https:\/\/dev.mondoestudio.es\/twiga\/wp-json\/wp\/v2\/posts\/3832\/revisions\/3857"}],"wp:featuredmedia":[{"embeddable":true,"href":"https:\/\/dev.mondoestudio.es\/twiga\/wp-json\/wp\/v2\/media\/3837"}],"wp:attachment":[{"href":"https:\/\/dev.mondoestudio.es\/twiga\/wp-json\/wp\/v2\/media?parent=3832"}],"wp:term":[{"taxonomy":"category","embeddable":true,"href":"https:\/\/dev.mondoestudio.es\/twiga\/wp-json\/wp\/v2\/categories?post=3832"},{"taxonomy":"post_tag","embeddable":true,"href":"https:\/\/dev.mondoestudio.es\/twiga\/wp-json\/wp\/v2\/tags?post=3832"}],"curies":[{"name":"wp","href":"https:\/\/api.w.org\/{rel}","templated":true}]}}