{"id":3852,"date":"2024-04-05T13:04:21","date_gmt":"2024-04-05T13:04:21","guid":{"rendered":"https:\/\/dev.mondoestudio.es\/twiga\/?p=3852"},"modified":"2024-11-07T08:40:14","modified_gmt":"2024-11-07T08:40:14","slug":"el-pais-los-jovenes-del-siglo-xxi-un-punto-de-inflexion-en-la-salud-mental-dicen-que-estan-muy-solos","status":"publish","type":"post","link":"https:\/\/dev.mondoestudio.es\/twiga\/el-pais-los-jovenes-del-siglo-xxi-un-punto-de-inflexion-en-la-salud-mental-dicen-que-estan-muy-solos\/","title":{"rendered":"EL PA\u00cdS, Los j\u00f3venes del siglo XXI, un punto de inflexi\u00f3n en la salud mental: \u201cDicen que est\u00e1n muy solos\u201d"},"content":{"rendered":"\n<p>Los problemas psicol\u00f3gicos afectan a cuatro de cada 10 personas de entre 15 y 29 a\u00f1os y la ansiedad el trastorno m\u00e1s generalizado. En el fondo lo que hay es un gran cambio social<\/p>\n\n\n\n<figure class=\"wp-block-image aligncenter size-full\"><img loading=\"lazy\" decoding=\"async\" width=\"1200\" height=\"800\" src=\"https:\/\/dev.mondoestudio.es\/twiga\/wp-content\/uploads\/2024\/04\/twiga-el-pais-los-jovenes-del-siglo-XXI.webp\" alt=\"\" class=\"wp-image-3854\" srcset=\"https:\/\/dev.mondoestudio.es\/twiga\/wp-content\/uploads\/2024\/04\/twiga-el-pais-los-jovenes-del-siglo-XXI.webp 1200w, https:\/\/dev.mondoestudio.es\/twiga\/wp-content\/uploads\/2024\/04\/twiga-el-pais-los-jovenes-del-siglo-XXI-300x200.webp 300w, https:\/\/dev.mondoestudio.es\/twiga\/wp-content\/uploads\/2024\/04\/twiga-el-pais-los-jovenes-del-siglo-XXI-1024x683.webp 1024w, https:\/\/dev.mondoestudio.es\/twiga\/wp-content\/uploads\/2024\/04\/twiga-el-pais-los-jovenes-del-siglo-XXI-768x512.webp 768w\" sizes=\"auto, (max-width: 1200px) 100vw, 1200px\" \/><figcaption class=\"wp-element-caption\">Un joven sentado en el suelo en Vitoria-Gasteiz (Pa\u00eds Vasco) el 21 de noviembre de 2023.\nL. RICO (EFE)<\/figcaption><\/figure>\n\n\n\n<p style=\"line-height:1.5\">La sociedad no para de repetirles lo mal que est\u00e1 el empleo, lo poco que van a ganar. Les culpabiliza de falta de esfuerzo y de llevar una buena vida comparada con la de generaciones anteriores. De tenerlo todo. Pero casi la mitad de los j\u00f3venes espa\u00f1oles vive una situaci\u00f3n vital de ansiedad, des\u00e1nimo y pesimismo porque no ve futuro. Solo el 30,8% cree que tiene una buena salud mental, seg\u00fan una encuesta de la Confederaci\u00f3n de Salud Mental Espa\u00f1a del pasado a\u00f1o. Tambi\u00e9n piensan que nadie hace nada para cambiar esta situaci\u00f3n, alertan los expertos.<br>Es un cambio social que est\u00e1 provocando un aumento de los problemas de salud mental entre los adolescentes y j\u00f3venes, cada vez desde edad m\u00e1s temprana, a partir de los 12 o 13 a\u00f1os. As\u00ed lo reflejan los datos, los especialistas y los que tratan los problemas de esta poblaci\u00f3n desde los centros de salud. Pero, \u00bfa qui\u00e9nes se refieren esas cifras, a personas con crisis de ansiedad coyuntural o a problemas psiqui\u00e1tricos? A los j\u00f3venes actuales les gusta \u201cel lujo, tienen malos modales, menosprecian la autoridad y no tiene ning\u00fan respeto a los mayores\u201d. Esta frase y similares se repiten a menudo y reflejan que cada grupo generacional critica a los siguientes porque se cree mod\u00e9lico o porque no entiende que la sociedad ha cambiado. El autor de esta declaraci\u00f3n, en concreto, aunque puedan adivinarlo entre un buen pu\u00f1ado de pol\u00edticos o ide\u00f3logos actuales, y no tan actuales, que no paran de quejarse de la falta de esfuerzo instaurada entre los j\u00f3venes, lo sabr\u00e1n m\u00e1s adelante.<br><br><a href=\"https:\/\/elpais.com\/economia\/negocios\/2023-09-25\/cuidado-con-las-palabras-las-carga-el-diablo.html#\">Segu<\/a><a href=\"https:\/\/dev.mondoestudio.es\/twiga\/wp-content\/uploads\/2024\/04\/Los-jovenes-del-siglo-XXI-un-punto-de-inflexion-en-la-salud-mental_-Dicen-que-estan-muy-solos-_-Tendencias-_-Proyecto-_-EL-PAIS.pdf\" target=\"_blank\" rel=\"noreferrer noopener\">ir leyendo<\/a><\/p>\n","protected":false},"excerpt":{"rendered":"<p>Los problemas psicol\u00f3gicos afectan a cuatro de cada 10 personas de entre 15 y 29 a\u00f1os y la ansiedad el trastorno m\u00e1s generalizado. En el fondo lo que hay es un gran cambio social<\/p>\n","protected":false},"author":1,"featured_media":3854,"comment_status":"closed","ping_status":"closed","sticky":false,"template":"","format":"standard","meta":{"_uag_custom_page_level_css":"","site-sidebar-layout":"default","site-content-layout":"","ast-site-content-layout":"normal-width-container","site-content-style":"boxed","site-sidebar-style":"default","ast-global-header-display":"","ast-banner-title-visibility":"","ast-main-header-display":"","ast-hfb-above-header-display":"","ast-hfb-below-header-display":"","ast-hfb-mobile-header-display":"","site-post-title":"","ast-breadcrumbs-content":"","ast-featured-img":"","footer-sml-layout":"","theme-transparent-header-meta":"","adv-header-id-meta":"","stick-header-meta":"","header-above-stick-meta":"","header-main-stick-meta":"","header-below-stick-meta":"","astra-migrate-meta-layouts":"default","ast-page-background-enabled":"default","ast-page-background-meta":{"desktop":{"background-color":"var(--ast-global-color-4)","background-image":"","background-repeat":"repeat","background-position":"center center","background-size":"auto","background-attachment":"scroll","background-type":"","background-media":"","overlay-type":"","overlay-color":"","overlay-gradient":""},"tablet":{"background-color":"","background-image":"","background-repeat":"repeat","background-position":"center center","background-size":"auto","background-attachment":"scroll","background-type":"","background-media":"","overlay-type":"","overlay-color":"","overlay-gradient":""},"mobile":{"background-color":"","background-image":"","background-repeat":"repeat","background-position":"center center","background-size":"auto","background-attachment":"scroll","background-type":"","background-media":"","overlay-type":"","overlay-color":"","overlay-gradient":""}},"ast-content-background-meta":{"desktop":{"background-color":"var(--ast-global-color-5)","background-image":"","background-repeat":"repeat","background-position":"center center","background-size":"auto","background-attachment":"scroll","background-type":"","background-media":"","overlay-type":"","overlay-color":"","overlay-gradient":""},"tablet":{"background-color":"var(--ast-global-color-5)","background-image":"","background-repeat":"repeat","background-position":"center center","background-size":"auto","background-attachment":"scroll","background-type":"","background-media":"","overlay-type":"","overlay-color":"","overlay-gradient":""},"mobile":{"background-color":"var(--ast-global-color-5)","background-image":"","background-repeat":"repeat","background-position":"center center","background-size":"auto","background-attachment":"scroll","background-type":"","background-media":"","overlay-type":"","overlay-color":"","overlay-gradient":""}},"footnotes":""},"categories":[8],"tags":[],"class_list":["post-3852","post","type-post","status-publish","format-standard","has-post-thumbnail","hentry","category-publicaciones"],"yoast_head":"<!-- This site is optimized with the Yoast SEO Premium plugin v20.10 (Yoast SEO v22.6) - https:\/\/yoast.com\/wordpress\/plugins\/seo\/ -->\n<title>Salud Mental de los J\u00f3venes en el Siglo XXI: Un Punto de Inflexi\u00f3n<\/title>\n<meta name=\"description\" content=\"Explora el impactante estudio de El Pa\u00eds sobre la soledad y la salud mental de los j\u00f3venes del siglo XXI y qu\u00e9 podemos hacer al respecto.\" \/>\n<meta name=\"robots\" content=\"noindex, follow, max-snippet:-1, max-image-preview:large, max-video-preview:-1\" \/>\n<meta property=\"og:locale\" content=\"es_ES\" \/>\n<meta property=\"og:type\" content=\"article\" \/>\n<meta property=\"og:title\" content=\"EL PA\u00cdS, Los j\u00f3venes del siglo XXI, un punto de inflexi\u00f3n en la salud mental: \u201cDicen que est\u00e1n muy solos\u201d\" \/>\n<meta property=\"og:description\" content=\"Explora el impactante estudio de El Pa\u00eds sobre la soledad y la salud mental de los j\u00f3venes del siglo XXI y qu\u00e9 podemos hacer al respecto.\" \/>\n<meta property=\"og:url\" content=\"https:\/\/dev.mondoestudio.es\/twiga\/el-pais-los-jovenes-del-siglo-xxi-un-punto-de-inflexion-en-la-salud-mental-dicen-que-estan-muy-solos\/\" \/>\n<meta property=\"og:site_name\" content=\"Twiga Strategy\" \/>\n<meta property=\"article:published_time\" content=\"2024-04-05T13:04:21+00:00\" \/>\n<meta property=\"article:modified_time\" content=\"2024-11-07T08:40:14+00:00\" \/>\n<meta property=\"og:image\" content=\"https:\/\/dev.mondoestudio.es\/twiga\/wp-content\/uploads\/2024\/04\/twiga-el-pais-los-jovenes-del-siglo-XXI.webp\" \/>\n\t<meta property=\"og:image:width\" content=\"1200\" \/>\n\t<meta property=\"og:image:height\" content=\"800\" \/>\n\t<meta property=\"og:image:type\" content=\"image\/webp\" \/>\n<meta name=\"author\" content=\"mondo\" \/>\n<meta name=\"twitter:card\" content=\"summary_large_image\" \/>\n<meta name=\"twitter:label1\" content=\"Escrito por\" \/>\n\t<meta name=\"twitter:data1\" content=\"mondo\" \/>\n\t<meta name=\"twitter:label2\" content=\"Tiempo de lectura\" \/>\n\t<meta name=\"twitter:data2\" content=\"2 minutos\" \/>\n<script type=\"application\/ld+json\" class=\"yoast-schema-graph\">{\"@context\":\"https:\/\/schema.org\",\"@graph\":[{\"@type\":\"Article\",\"@id\":\"https:\/\/dev.mondoestudio.es\/twiga\/el-pais-los-jovenes-del-siglo-xxi-un-punto-de-inflexion-en-la-salud-mental-dicen-que-estan-muy-solos\/#article\",\"isPartOf\":{\"@id\":\"https:\/\/dev.mondoestudio.es\/twiga\/el-pais-los-jovenes-del-siglo-xxi-un-punto-de-inflexion-en-la-salud-mental-dicen-que-estan-muy-solos\/\"},\"author\":{\"name\":\"mondo\",\"@id\":\"https:\/\/dev.mondoestudio.es\/twiga\/#\/schema\/person\/58823b3cfb591281663d244f017379a7\"},\"headline\":\"EL PA\u00cdS, Los j\u00f3venes del siglo XXI, un punto de inflexi\u00f3n en la salud mental: \u201cDicen que est\u00e1n muy solos\u201d\",\"datePublished\":\"2024-04-05T13:04:21+00:00\",\"dateModified\":\"2024-11-07T08:40:14+00:00\",\"mainEntityOfPage\":{\"@id\":\"https:\/\/dev.mondoestudio.es\/twiga\/el-pais-los-jovenes-del-siglo-xxi-un-punto-de-inflexion-en-la-salud-mental-dicen-que-estan-muy-solos\/\"},\"wordCount\":365,\"publisher\":{\"@id\":\"https:\/\/dev.mondoestudio.es\/twiga\/#organization\"},\"image\":{\"@id\":\"https:\/\/dev.mondoestudio.es\/twiga\/el-pais-los-jovenes-del-siglo-xxi-un-punto-de-inflexion-en-la-salud-mental-dicen-que-estan-muy-solos\/#primaryimage\"},\"thumbnailUrl\":\"https:\/\/dev.mondoestudio.es\/twiga\/wp-content\/uploads\/2024\/04\/twiga-el-pais-los-jovenes-del-siglo-XXI.webp\",\"articleSection\":[\"Publicaciones\"],\"inLanguage\":\"es\"},{\"@type\":\"WebPage\",\"@id\":\"https:\/\/dev.mondoestudio.es\/twiga\/el-pais-los-jovenes-del-siglo-xxi-un-punto-de-inflexion-en-la-salud-mental-dicen-que-estan-muy-solos\/\",\"url\":\"https:\/\/dev.mondoestudio.es\/twiga\/el-pais-los-jovenes-del-siglo-xxi-un-punto-de-inflexion-en-la-salud-mental-dicen-que-estan-muy-solos\/\",\"name\":\"Salud Mental de los J\u00f3venes en el Siglo XXI: Un Punto de Inflexi\u00f3n\",\"isPartOf\":{\"@id\":\"https:\/\/dev.mondoestudio.es\/twiga\/#website\"},\"primaryImageOfPage\":{\"@id\":\"https:\/\/dev.mondoestudio.es\/twiga\/el-pais-los-jovenes-del-siglo-xxi-un-punto-de-inflexion-en-la-salud-mental-dicen-que-estan-muy-solos\/#primaryimage\"},\"image\":{\"@id\":\"https:\/\/dev.mondoestudio.es\/twiga\/el-pais-los-jovenes-del-siglo-xxi-un-punto-de-inflexion-en-la-salud-mental-dicen-que-estan-muy-solos\/#primaryimage\"},\"thumbnailUrl\":\"https:\/\/dev.mondoestudio.es\/twiga\/wp-content\/uploads\/2024\/04\/twiga-el-pais-los-jovenes-del-siglo-XXI.webp\",\"datePublished\":\"2024-04-05T13:04:21+00:00\",\"dateModified\":\"2024-11-07T08:40:14+00:00\",\"description\":\"Explora el impactante estudio de El Pa\u00eds sobre la soledad y la salud mental de los j\u00f3venes del siglo XXI y qu\u00e9 podemos hacer al respecto.\",\"breadcrumb\":{\"@id\":\"https:\/\/dev.mondoestudio.es\/twiga\/el-pais-los-jovenes-del-siglo-xxi-un-punto-de-inflexion-en-la-salud-mental-dicen-que-estan-muy-solos\/#breadcrumb\"},\"inLanguage\":\"es\",\"potentialAction\":[{\"@type\":\"ReadAction\",\"target\":[\"https:\/\/dev.mondoestudio.es\/twiga\/el-pais-los-jovenes-del-siglo-xxi-un-punto-de-inflexion-en-la-salud-mental-dicen-que-estan-muy-solos\/\"]}]},{\"@type\":\"ImageObject\",\"inLanguage\":\"es\",\"@id\":\"https:\/\/dev.mondoestudio.es\/twiga\/el-pais-los-jovenes-del-siglo-xxi-un-punto-de-inflexion-en-la-salud-mental-dicen-que-estan-muy-solos\/#primaryimage\",\"url\":\"https:\/\/dev.mondoestudio.es\/twiga\/wp-content\/uploads\/2024\/04\/twiga-el-pais-los-jovenes-del-siglo-XXI.webp\",\"contentUrl\":\"https:\/\/dev.mondoestudio.es\/twiga\/wp-content\/uploads\/2024\/04\/twiga-el-pais-los-jovenes-del-siglo-XXI.webp\",\"width\":1200,\"height\":800,\"caption\":\"Un joven sentado en el suelo en Vitoria-Gasteiz (Pa\u00eds Vasco) el 21 de noviembre de 2023. L. RICO (EFE)\"},{\"@type\":\"BreadcrumbList\",\"@id\":\"https:\/\/dev.mondoestudio.es\/twiga\/el-pais-los-jovenes-del-siglo-xxi-un-punto-de-inflexion-en-la-salud-mental-dicen-que-estan-muy-solos\/#breadcrumb\",\"itemListElement\":[{\"@type\":\"ListItem\",\"position\":1,\"name\":\"Portada\",\"item\":\"https:\/\/dev.mondoestudio.es\/twiga\/\"},{\"@type\":\"ListItem\",\"position\":2,\"name\":\"EL PA\u00cdS, Los j\u00f3venes del siglo XXI, un punto de inflexi\u00f3n en la salud mental: \u201cDicen que est\u00e1n muy solos\u201d\"}]},{\"@type\":\"WebSite\",\"@id\":\"https:\/\/dev.mondoestudio.es\/twiga\/#website\",\"url\":\"https:\/\/dev.mondoestudio.es\/twiga\/\",\"name\":\"Twiga Strategy\",\"description\":\"\",\"publisher\":{\"@id\":\"https:\/\/dev.mondoestudio.es\/twiga\/#organization\"},\"potentialAction\":[{\"@type\":\"SearchAction\",\"target\":{\"@type\":\"EntryPoint\",\"urlTemplate\":\"https:\/\/dev.mondoestudio.es\/twiga\/?s={search_term_string}\"},\"query-input\":\"required name=search_term_string\"}],\"inLanguage\":\"es\"},{\"@type\":\"Organization\",\"@id\":\"https:\/\/dev.mondoestudio.es\/twiga\/#organization\",\"name\":\"Twiga Strategy\",\"url\":\"https:\/\/dev.mondoestudio.es\/twiga\/\",\"logo\":{\"@type\":\"ImageObject\",\"inLanguage\":\"es\",\"@id\":\"https:\/\/dev.mondoestudio.es\/twiga\/#\/schema\/logo\/image\/\",\"url\":\"https:\/\/dev.mondoestudio.es\/twiga\/wp-content\/uploads\/2024\/03\/Layer_1.png\",\"contentUrl\":\"https:\/\/dev.mondoestudio.es\/twiga\/wp-content\/uploads\/2024\/03\/Layer_1.png\",\"width\":117,\"height\":80,\"caption\":\"Twiga Strategy\"},\"image\":{\"@id\":\"https:\/\/dev.mondoestudio.es\/twiga\/#\/schema\/logo\/image\/\"}},{\"@type\":\"Person\",\"@id\":\"https:\/\/dev.mondoestudio.es\/twiga\/#\/schema\/person\/58823b3cfb591281663d244f017379a7\",\"name\":\"mondo\",\"image\":{\"@type\":\"ImageObject\",\"inLanguage\":\"es\",\"@id\":\"https:\/\/dev.mondoestudio.es\/twiga\/#\/schema\/person\/image\/\",\"url\":\"https:\/\/secure.gravatar.com\/avatar\/407d20c32e8b48735a147370523640e8af6fdcdb2983ea5492ac1e61543c59d2?s=96&d=mm&r=g\",\"contentUrl\":\"https:\/\/secure.gravatar.com\/avatar\/407d20c32e8b48735a147370523640e8af6fdcdb2983ea5492ac1e61543c59d2?s=96&d=mm&r=g\",\"caption\":\"mondo\"},\"sameAs\":[\"https:\/\/dev.mondoestudio.es\/twiga\"],\"url\":\"https:\/\/dev.mondoestudio.es\/twiga\/author\/mondo\/\"}]}<\/script>\n<!-- \/ Yoast SEO Premium plugin. -->","yoast_head_json":{"title":"Salud Mental de los J\u00f3venes en el Siglo XXI: Un Punto de Inflexi\u00f3n","description":"Explora el impactante estudio de El Pa\u00eds sobre la soledad y la salud mental de los j\u00f3venes del siglo XXI y qu\u00e9 podemos hacer al respecto.","robots":{"index":"noindex","follow":"follow","max-snippet":"max-snippet:-1","max-image-preview":"max-image-preview:large","max-video-preview":"max-video-preview:-1"},"og_locale":"es_ES","og_type":"article","og_title":"EL PA\u00cdS, Los j\u00f3venes del siglo XXI, un punto de inflexi\u00f3n en la salud mental: \u201cDicen que est\u00e1n muy solos\u201d","og_description":"Explora el impactante estudio de El Pa\u00eds sobre la soledad y la salud mental de los j\u00f3venes del siglo XXI y qu\u00e9 podemos hacer al respecto.","og_url":"https:\/\/dev.mondoestudio.es\/twiga\/el-pais-los-jovenes-del-siglo-xxi-un-punto-de-inflexion-en-la-salud-mental-dicen-que-estan-muy-solos\/","og_site_name":"Twiga Strategy","article_published_time":"2024-04-05T13:04:21+00:00","article_modified_time":"2024-11-07T08:40:14+00:00","og_image":[{"width":1200,"height":800,"url":"https:\/\/dev.mondoestudio.es\/twiga\/wp-content\/uploads\/2024\/04\/twiga-el-pais-los-jovenes-del-siglo-XXI.webp","type":"image\/webp"}],"author":"mondo","twitter_card":"summary_large_image","twitter_misc":{"Escrito por":"mondo","Tiempo de lectura":"2 minutos"},"schema":{"@context":"https:\/\/schema.org","@graph":[{"@type":"Article","@id":"https:\/\/dev.mondoestudio.es\/twiga\/el-pais-los-jovenes-del-siglo-xxi-un-punto-de-inflexion-en-la-salud-mental-dicen-que-estan-muy-solos\/#article","isPartOf":{"@id":"https:\/\/dev.mondoestudio.es\/twiga\/el-pais-los-jovenes-del-siglo-xxi-un-punto-de-inflexion-en-la-salud-mental-dicen-que-estan-muy-solos\/"},"author":{"name":"mondo","@id":"https:\/\/dev.mondoestudio.es\/twiga\/#\/schema\/person\/58823b3cfb591281663d244f017379a7"},"headline":"EL PA\u00cdS, Los j\u00f3venes del siglo XXI, un punto de inflexi\u00f3n en la salud mental: \u201cDicen que est\u00e1n muy solos\u201d","datePublished":"2024-04-05T13:04:21+00:00","dateModified":"2024-11-07T08:40:14+00:00","mainEntityOfPage":{"@id":"https:\/\/dev.mondoestudio.es\/twiga\/el-pais-los-jovenes-del-siglo-xxi-un-punto-de-inflexion-en-la-salud-mental-dicen-que-estan-muy-solos\/"},"wordCount":365,"publisher":{"@id":"https:\/\/dev.mondoestudio.es\/twiga\/#organization"},"image":{"@id":"https:\/\/dev.mondoestudio.es\/twiga\/el-pais-los-jovenes-del-siglo-xxi-un-punto-de-inflexion-en-la-salud-mental-dicen-que-estan-muy-solos\/#primaryimage"},"thumbnailUrl":"https:\/\/dev.mondoestudio.es\/twiga\/wp-content\/uploads\/2024\/04\/twiga-el-pais-los-jovenes-del-siglo-XXI.webp","articleSection":["Publicaciones"],"inLanguage":"es"},{"@type":"WebPage","@id":"https:\/\/dev.mondoestudio.es\/twiga\/el-pais-los-jovenes-del-siglo-xxi-un-punto-de-inflexion-en-la-salud-mental-dicen-que-estan-muy-solos\/","url":"https:\/\/dev.mondoestudio.es\/twiga\/el-pais-los-jovenes-del-siglo-xxi-un-punto-de-inflexion-en-la-salud-mental-dicen-que-estan-muy-solos\/","name":"Salud Mental de los J\u00f3venes en el Siglo XXI: Un Punto de Inflexi\u00f3n","isPartOf":{"@id":"https:\/\/dev.mondoestudio.es\/twiga\/#website"},"primaryImageOfPage":{"@id":"https:\/\/dev.mondoestudio.es\/twiga\/el-pais-los-jovenes-del-siglo-xxi-un-punto-de-inflexion-en-la-salud-mental-dicen-que-estan-muy-solos\/#primaryimage"},"image":{"@id":"https:\/\/dev.mondoestudio.es\/twiga\/el-pais-los-jovenes-del-siglo-xxi-un-punto-de-inflexion-en-la-salud-mental-dicen-que-estan-muy-solos\/#primaryimage"},"thumbnailUrl":"https:\/\/dev.mondoestudio.es\/twiga\/wp-content\/uploads\/2024\/04\/twiga-el-pais-los-jovenes-del-siglo-XXI.webp","datePublished":"2024-04-05T13:04:21+00:00","dateModified":"2024-11-07T08:40:14+00:00","description":"Explora el impactante estudio de El Pa\u00eds sobre la soledad y la salud mental de los j\u00f3venes del siglo XXI y qu\u00e9 podemos hacer al respecto.","breadcrumb":{"@id":"https:\/\/dev.mondoestudio.es\/twiga\/el-pais-los-jovenes-del-siglo-xxi-un-punto-de-inflexion-en-la-salud-mental-dicen-que-estan-muy-solos\/#breadcrumb"},"inLanguage":"es","potentialAction":[{"@type":"ReadAction","target":["https:\/\/dev.mondoestudio.es\/twiga\/el-pais-los-jovenes-del-siglo-xxi-un-punto-de-inflexion-en-la-salud-mental-dicen-que-estan-muy-solos\/"]}]},{"@type":"ImageObject","inLanguage":"es","@id":"https:\/\/dev.mondoestudio.es\/twiga\/el-pais-los-jovenes-del-siglo-xxi-un-punto-de-inflexion-en-la-salud-mental-dicen-que-estan-muy-solos\/#primaryimage","url":"https:\/\/dev.mondoestudio.es\/twiga\/wp-content\/uploads\/2024\/04\/twiga-el-pais-los-jovenes-del-siglo-XXI.webp","contentUrl":"https:\/\/dev.mondoestudio.es\/twiga\/wp-content\/uploads\/2024\/04\/twiga-el-pais-los-jovenes-del-siglo-XXI.webp","width":1200,"height":800,"caption":"Un joven sentado en el suelo en Vitoria-Gasteiz (Pa\u00eds Vasco) el 21 de noviembre de 2023. L. RICO (EFE)"},{"@type":"BreadcrumbList","@id":"https:\/\/dev.mondoestudio.es\/twiga\/el-pais-los-jovenes-del-siglo-xxi-un-punto-de-inflexion-en-la-salud-mental-dicen-que-estan-muy-solos\/#breadcrumb","itemListElement":[{"@type":"ListItem","position":1,"name":"Portada","item":"https:\/\/dev.mondoestudio.es\/twiga\/"},{"@type":"ListItem","position":2,"name":"EL PA\u00cdS, Los j\u00f3venes del siglo XXI, un punto de inflexi\u00f3n en la salud mental: \u201cDicen que est\u00e1n muy solos\u201d"}]},{"@type":"WebSite","@id":"https:\/\/dev.mondoestudio.es\/twiga\/#website","url":"https:\/\/dev.mondoestudio.es\/twiga\/","name":"Twiga Strategy","description":"","publisher":{"@id":"https:\/\/dev.mondoestudio.es\/twiga\/#organization"},"potentialAction":[{"@type":"SearchAction","target":{"@type":"EntryPoint","urlTemplate":"https:\/\/dev.mondoestudio.es\/twiga\/?s={search_term_string}"},"query-input":"required name=search_term_string"}],"inLanguage":"es"},{"@type":"Organization","@id":"https:\/\/dev.mondoestudio.es\/twiga\/#organization","name":"Twiga Strategy","url":"https:\/\/dev.mondoestudio.es\/twiga\/","logo":{"@type":"ImageObject","inLanguage":"es","@id":"https:\/\/dev.mondoestudio.es\/twiga\/#\/schema\/logo\/image\/","url":"https:\/\/dev.mondoestudio.es\/twiga\/wp-content\/uploads\/2024\/03\/Layer_1.png","contentUrl":"https:\/\/dev.mondoestudio.es\/twiga\/wp-content\/uploads\/2024\/03\/Layer_1.png","width":117,"height":80,"caption":"Twiga Strategy"},"image":{"@id":"https:\/\/dev.mondoestudio.es\/twiga\/#\/schema\/logo\/image\/"}},{"@type":"Person","@id":"https:\/\/dev.mondoestudio.es\/twiga\/#\/schema\/person\/58823b3cfb591281663d244f017379a7","name":"mondo","image":{"@type":"ImageObject","inLanguage":"es","@id":"https:\/\/dev.mondoestudio.es\/twiga\/#\/schema\/person\/image\/","url":"https:\/\/secure.gravatar.com\/avatar\/407d20c32e8b48735a147370523640e8af6fdcdb2983ea5492ac1e61543c59d2?s=96&d=mm&r=g","contentUrl":"https:\/\/secure.gravatar.com\/avatar\/407d20c32e8b48735a147370523640e8af6fdcdb2983ea5492ac1e61543c59d2?s=96&d=mm&r=g","caption":"mondo"},"sameAs":["https:\/\/dev.mondoestudio.es\/twiga"],"url":"https:\/\/dev.mondoestudio.es\/twiga\/author\/mondo\/"}]}},"uagb_featured_image_src":{"full":["https:\/\/dev.mondoestudio.es\/twiga\/wp-content\/uploads\/2024\/04\/twiga-el-pais-los-jovenes-del-siglo-XXI.webp",1200,800,false],"thumbnail":["https:\/\/dev.mondoestudio.es\/twiga\/wp-content\/uploads\/2024\/04\/twiga-el-pais-los-jovenes-del-siglo-XXI-150x150.webp",150,150,true],"medium":["https:\/\/dev.mondoestudio.es\/twiga\/wp-content\/uploads\/2024\/04\/twiga-el-pais-los-jovenes-del-siglo-XXI-300x200.webp",300,200,true],"medium_large":["https:\/\/dev.mondoestudio.es\/twiga\/wp-content\/uploads\/2024\/04\/twiga-el-pais-los-jovenes-del-siglo-XXI-768x512.webp",768,512,true],"large":["https:\/\/dev.mondoestudio.es\/twiga\/wp-content\/uploads\/2024\/04\/twiga-el-pais-los-jovenes-del-siglo-XXI-1024x683.webp",1024,683,true],"1536x1536":["https:\/\/dev.mondoestudio.es\/twiga\/wp-content\/uploads\/2024\/04\/twiga-el-pais-los-jovenes-del-siglo-XXI.webp",1200,800,false],"2048x2048":["https:\/\/dev.mondoestudio.es\/twiga\/wp-content\/uploads\/2024\/04\/twiga-el-pais-los-jovenes-del-siglo-XXI.webp",1200,800,false]},"uagb_author_info":{"display_name":"mondo","author_link":"https:\/\/dev.mondoestudio.es\/twiga\/author\/mondo\/"},"uagb_comment_info":0,"uagb_excerpt":"Los problemas psicol\u00f3gicos afectan a cuatro de cada 10 personas de entre 15 y 29 a\u00f1os y la ansiedad el trastorno m\u00e1s generalizado. En el fondo lo que hay es un gran cambio social","_links":{"self":[{"href":"https:\/\/dev.mondoestudio.es\/twiga\/wp-json\/wp\/v2\/posts\/3852","targetHints":{"allow":["GET"]}}],"collection":[{"href":"https:\/\/dev.mondoestudio.es\/twiga\/wp-json\/wp\/v2\/posts"}],"about":[{"href":"https:\/\/dev.mondoestudio.es\/twiga\/wp-json\/wp\/v2\/types\/post"}],"author":[{"embeddable":true,"href":"https:\/\/dev.mondoestudio.es\/twiga\/wp-json\/wp\/v2\/users\/1"}],"replies":[{"embeddable":true,"href":"https:\/\/dev.mondoestudio.es\/twiga\/wp-json\/wp\/v2\/comments?post=3852"}],"version-history":[{"count":3,"href":"https:\/\/dev.mondoestudio.es\/twiga\/wp-json\/wp\/v2\/posts\/3852\/revisions"}],"predecessor-version":[{"id":4315,"href":"https:\/\/dev.mondoestudio.es\/twiga\/wp-json\/wp\/v2\/posts\/3852\/revisions\/4315"}],"wp:featuredmedia":[{"embeddable":true,"href":"https:\/\/dev.mondoestudio.es\/twiga\/wp-json\/wp\/v2\/media\/3854"}],"wp:attachment":[{"href":"https:\/\/dev.mondoestudio.es\/twiga\/wp-json\/wp\/v2\/media?parent=3852"}],"wp:term":[{"taxonomy":"category","embeddable":true,"href":"https:\/\/dev.mondoestudio.es\/twiga\/wp-json\/wp\/v2\/categories?post=3852"},{"taxonomy":"post_tag","embeddable":true,"href":"https:\/\/dev.mondoestudio.es\/twiga\/wp-json\/wp\/v2\/tags?post=3852"}],"curies":[{"name":"wp","href":"https:\/\/api.w.org\/{rel}","templated":true}]}}