{"id":3858,"date":"2023-03-18T13:15:36","date_gmt":"2023-03-18T13:15:36","guid":{"rendered":"https:\/\/dev.mondoestudio.es\/twiga\/?p=3858"},"modified":"2024-05-09T11:26:47","modified_gmt":"2024-05-09T11:26:47","slug":"telecinco-la-coautora-del-ultimo-estudio-sobre-salud-mental-la-gente-siente-que-la-realidad-no-da-tregua","status":"publish","type":"post","link":"https:\/\/dev.mondoestudio.es\/twiga\/telecinco-la-coautora-del-ultimo-estudio-sobre-salud-mental-la-gente-siente-que-la-realidad-no-da-tregua\/","title":{"rendered":"Telecinco, La coautora del \u00faltimo estudio sobre salud mental: \u00abLa gente siente que la realidad no da tregua\u00bb"},"content":{"rendered":"\n<figure class=\"wp-block-image aligncenter size-full\"><img loading=\"lazy\" decoding=\"async\" width=\"1200\" height=\"675\" src=\"https:\/\/dev.mondoestudio.es\/twiga\/wp-content\/uploads\/2023\/03\/la-coautora-del-ultimo-estudio-s.webp\" alt=\"\" class=\"wp-image-3860\" srcset=\"https:\/\/dev.mondoestudio.es\/twiga\/wp-content\/uploads\/2023\/03\/la-coautora-del-ultimo-estudio-s.webp 1200w, https:\/\/dev.mondoestudio.es\/twiga\/wp-content\/uploads\/2023\/03\/la-coautora-del-ultimo-estudio-s-300x169.webp 300w, https:\/\/dev.mondoestudio.es\/twiga\/wp-content\/uploads\/2023\/03\/la-coautora-del-ultimo-estudio-s-1024x576.webp 1024w, https:\/\/dev.mondoestudio.es\/twiga\/wp-content\/uploads\/2023\/03\/la-coautora-del-ultimo-estudio-s-768x432.webp 768w\" sizes=\"auto, (max-width: 1200px) 100vw, 1200px\" \/><figcaption class=\"wp-element-caption\">Marta Delgado, directora del estudio sobre salud mental de la Fundaci\u00f3n Mutua Madrile\u00f1a y la Confederaci\u00f3n Salud Mental.<\/figcaption><\/figure>\n\n\n\n<ul class=\"wp-block-list\">\n<li>Cuatro de cada 10 espa\u00f1oles aseguran que no gozan de buena salud mental y casi un 15% ha pensado en el suicidio<\/li>\n\n\n\n<li>Son conclusiones de un estudio de la Fundaci\u00f3n Mutua Madrile\u00f1a y la Confederaci\u00f3n Salud Mental<\/li>\n\n\n\n<li>La coautora de la investigaci\u00f3n explica en NIUS que ser joven, mujer, pobre y del colectivo LGTBI son factores de riesgo para sufrir problemas psicol\u00f3gicos<\/li>\n<\/ul>\n\n\n\n<p>Esta semana hemos sabido que cuatro de cada 10 espa\u00f1oles considera que su salud mental no es buena, que casi el 75% de la poblaci\u00f3n cree que ha empeorado para todos en los \u00faltimos a\u00f1os y que m\u00e1s del 14% ha pensado o intentado suicidarse.<br><br>Los datos, impactantes, salen del estudio La situaci\u00f3n de la salud mental en Espa\u00f1a, elaborado por la Confederaci\u00f3n Salud Mental Espa\u00f1a y la Fundaci\u00f3n Mutua Madrile\u00f1a. Una radiograf\u00eda detallada que revela un preocupante malestar emocional, psicol\u00f3gico y social.<br><br>En el informe, que se desarroll\u00f3 entre los meses de mayo y noviembre de 2022, participaron m\u00e1s de 2.000 personas mayores de edad en cuotas representativas de la sociedad espa\u00f1ola. Incluida gente que ha sufrido problemas de salud mental, sus familiares y tambi\u00e9n profesionales de la salud.<br><br>Entre las causas que han contribuido al empeoramiento de la salud se apuntan las dificultades econ\u00f3micas (91,4%), la incertidumbre ante el futuro (89,0%) y la presi\u00f3n, las exigencias y estr\u00e9s del d\u00eda a d\u00eda (88,8%), seguidas de la pandemia del covid y de la sensaci\u00f3n de que vivimos en una sociedad cada vez m\u00e1s individualista y muy competitiva, confirma a NIUS Marta Delgado, la directora del estudio.<br><br><a href=\"https:\/\/elpais.com\/economia\/negocios\/2023-09-25\/cuidado-con-las-palabras-las-carga-el-diablo.html#\">Segu<\/a><a href=\"https:\/\/dev.mondoestudio.es\/twiga\/wp-content\/uploads\/2024\/04\/La-coautora-del-ultimo-estudio-sobre-salud-mental_-_La-gente-siente-que-la-realidad-no-da-tregua_.pdf\" target=\"_blank\" rel=\"noreferrer noopener\">ir leyendo<\/a><\/p>\n","protected":false},"excerpt":{"rendered":"<p>Cuatro de cada 10 espa\u00f1oles considera que su salud mental no es buena, que casi el 75% de la poblaci\u00f3n cree que ha empeorado para todos en los \u00faltimos a\u00f1os y que m\u00e1s del 14% ha pensado o intentado suicidarse.<\/p>\n","protected":false},"author":1,"featured_media":3860,"comment_status":"closed","ping_status":"closed","sticky":false,"template":"","format":"standard","meta":{"_uag_custom_page_level_css":"","site-sidebar-layout":"default","site-content-layout":"","ast-site-content-layout":"normal-width-container","site-content-style":"boxed","site-sidebar-style":"default","ast-global-header-display":"","ast-banner-title-visibility":"","ast-main-header-display":"","ast-hfb-above-header-display":"","ast-hfb-below-header-display":"","ast-hfb-mobile-header-display":"","site-post-title":"","ast-breadcrumbs-content":"","ast-featured-img":"","footer-sml-layout":"","theme-transparent-header-meta":"","adv-header-id-meta":"","stick-header-meta":"","header-above-stick-meta":"","header-main-stick-meta":"","header-below-stick-meta":"","astra-migrate-meta-layouts":"default","ast-page-background-enabled":"default","ast-page-background-meta":{"desktop":{"background-color":"var(--ast-global-color-4)","background-image":"","background-repeat":"repeat","background-position":"center center","background-size":"auto","background-attachment":"scroll","background-type":"","background-media":"","overlay-type":"","overlay-color":"","overlay-gradient":""},"tablet":{"background-color":"","background-image":"","background-repeat":"repeat","background-position":"center center","background-size":"auto","background-attachment":"scroll","background-type":"","background-media":"","overlay-type":"","overlay-color":"","overlay-gradient":""},"mobile":{"background-color":"","background-image":"","background-repeat":"repeat","background-position":"center center","background-size":"auto","background-attachment":"scroll","background-type":"","background-media":"","overlay-type":"","overlay-color":"","overlay-gradient":""}},"ast-content-background-meta":{"desktop":{"background-color":"var(--ast-global-color-5)","background-image":"","background-repeat":"repeat","background-position":"center center","background-size":"auto","background-attachment":"scroll","background-type":"","background-media":"","overlay-type":"","overlay-color":"","overlay-gradient":""},"tablet":{"background-color":"var(--ast-global-color-5)","background-image":"","background-repeat":"repeat","background-position":"center center","background-size":"auto","background-attachment":"scroll","background-type":"","background-media":"","overlay-type":"","overlay-color":"","overlay-gradient":""},"mobile":{"background-color":"var(--ast-global-color-5)","background-image":"","background-repeat":"repeat","background-position":"center center","background-size":"auto","background-attachment":"scroll","background-type":"","background-media":"","overlay-type":"","overlay-color":"","overlay-gradient":""}},"footnotes":""},"categories":[8],"tags":[],"class_list":["post-3858","post","type-post","status-publish","format-standard","has-post-thumbnail","hentry","category-publicaciones"],"yoast_head":"<!-- This site is optimized with the Yoast SEO Premium plugin v20.10 (Yoast SEO v22.6) - https:\/\/yoast.com\/wordpress\/plugins\/seo\/ -->\n<title>Estudio Revela: La realidad actual afecta profundamente la Salud Mental<\/title>\n<meta name=\"description\" content=\"La coautora de un importante estudio comparte insights sobre c\u00f3mo la realidad contempor\u00e1nea est\u00e1 impactando la salud mental de las personas.\" \/>\n<meta name=\"robots\" content=\"noindex, follow, max-snippet:-1, max-image-preview:large, max-video-preview:-1\" \/>\n<meta property=\"og:locale\" content=\"es_ES\" \/>\n<meta property=\"og:type\" content=\"article\" \/>\n<meta property=\"og:title\" content=\"Telecinco, La coautora del \u00faltimo estudio sobre salud mental: &quot;La gente siente que la realidad no da tregua&quot;\" \/>\n<meta property=\"og:description\" content=\"La coautora de un importante estudio comparte insights sobre c\u00f3mo la realidad contempor\u00e1nea est\u00e1 impactando la salud mental de las personas.\" \/>\n<meta property=\"og:url\" content=\"https:\/\/dev.mondoestudio.es\/twiga\/telecinco-la-coautora-del-ultimo-estudio-sobre-salud-mental-la-gente-siente-que-la-realidad-no-da-tregua\/\" \/>\n<meta property=\"og:site_name\" content=\"Twiga Strategy\" \/>\n<meta property=\"article:published_time\" content=\"2023-03-18T13:15:36+00:00\" \/>\n<meta property=\"article:modified_time\" content=\"2024-05-09T11:26:47+00:00\" \/>\n<meta property=\"og:image\" content=\"https:\/\/dev.mondoestudio.es\/twiga\/wp-content\/uploads\/2023\/03\/la-coautora-del-ultimo-estudio-s.webp\" \/>\n\t<meta property=\"og:image:width\" content=\"1200\" \/>\n\t<meta property=\"og:image:height\" content=\"675\" \/>\n\t<meta property=\"og:image:type\" content=\"image\/webp\" \/>\n<meta name=\"author\" content=\"mondo\" \/>\n<meta name=\"twitter:card\" content=\"summary_large_image\" \/>\n<meta name=\"twitter:label1\" content=\"Escrito por\" \/>\n\t<meta name=\"twitter:data1\" content=\"mondo\" \/>\n\t<meta name=\"twitter:label2\" content=\"Tiempo de lectura\" \/>\n\t<meta name=\"twitter:data2\" content=\"2 minutos\" \/>\n<script type=\"application\/ld+json\" class=\"yoast-schema-graph\">{\"@context\":\"https:\/\/schema.org\",\"@graph\":[{\"@type\":\"Article\",\"@id\":\"https:\/\/dev.mondoestudio.es\/twiga\/telecinco-la-coautora-del-ultimo-estudio-sobre-salud-mental-la-gente-siente-que-la-realidad-no-da-tregua\/#article\",\"isPartOf\":{\"@id\":\"https:\/\/dev.mondoestudio.es\/twiga\/telecinco-la-coautora-del-ultimo-estudio-sobre-salud-mental-la-gente-siente-que-la-realidad-no-da-tregua\/\"},\"author\":{\"name\":\"mondo\",\"@id\":\"https:\/\/dev.mondoestudio.es\/twiga\/#\/schema\/person\/58823b3cfb591281663d244f017379a7\"},\"headline\":\"Telecinco, La coautora del \u00faltimo estudio sobre salud mental: \u00abLa gente siente que la realidad no da tregua\u00bb\",\"datePublished\":\"2023-03-18T13:15:36+00:00\",\"dateModified\":\"2024-05-09T11:26:47+00:00\",\"mainEntityOfPage\":{\"@id\":\"https:\/\/dev.mondoestudio.es\/twiga\/telecinco-la-coautora-del-ultimo-estudio-sobre-salud-mental-la-gente-siente-que-la-realidad-no-da-tregua\/\"},\"wordCount\":319,\"publisher\":{\"@id\":\"https:\/\/dev.mondoestudio.es\/twiga\/#organization\"},\"image\":{\"@id\":\"https:\/\/dev.mondoestudio.es\/twiga\/telecinco-la-coautora-del-ultimo-estudio-sobre-salud-mental-la-gente-siente-que-la-realidad-no-da-tregua\/#primaryimage\"},\"thumbnailUrl\":\"https:\/\/dev.mondoestudio.es\/twiga\/wp-content\/uploads\/2023\/03\/la-coautora-del-ultimo-estudio-s.webp\",\"articleSection\":[\"Publicaciones\"],\"inLanguage\":\"es\"},{\"@type\":\"WebPage\",\"@id\":\"https:\/\/dev.mondoestudio.es\/twiga\/telecinco-la-coautora-del-ultimo-estudio-sobre-salud-mental-la-gente-siente-que-la-realidad-no-da-tregua\/\",\"url\":\"https:\/\/dev.mondoestudio.es\/twiga\/telecinco-la-coautora-del-ultimo-estudio-sobre-salud-mental-la-gente-siente-que-la-realidad-no-da-tregua\/\",\"name\":\"Estudio Revela: La realidad actual afecta profundamente la Salud Mental\",\"isPartOf\":{\"@id\":\"https:\/\/dev.mondoestudio.es\/twiga\/#website\"},\"primaryImageOfPage\":{\"@id\":\"https:\/\/dev.mondoestudio.es\/twiga\/telecinco-la-coautora-del-ultimo-estudio-sobre-salud-mental-la-gente-siente-que-la-realidad-no-da-tregua\/#primaryimage\"},\"image\":{\"@id\":\"https:\/\/dev.mondoestudio.es\/twiga\/telecinco-la-coautora-del-ultimo-estudio-sobre-salud-mental-la-gente-siente-que-la-realidad-no-da-tregua\/#primaryimage\"},\"thumbnailUrl\":\"https:\/\/dev.mondoestudio.es\/twiga\/wp-content\/uploads\/2023\/03\/la-coautora-del-ultimo-estudio-s.webp\",\"datePublished\":\"2023-03-18T13:15:36+00:00\",\"dateModified\":\"2024-05-09T11:26:47+00:00\",\"description\":\"La coautora de un importante estudio comparte insights sobre c\u00f3mo la realidad contempor\u00e1nea est\u00e1 impactando la salud mental de las personas.\",\"breadcrumb\":{\"@id\":\"https:\/\/dev.mondoestudio.es\/twiga\/telecinco-la-coautora-del-ultimo-estudio-sobre-salud-mental-la-gente-siente-que-la-realidad-no-da-tregua\/#breadcrumb\"},\"inLanguage\":\"es\",\"potentialAction\":[{\"@type\":\"ReadAction\",\"target\":[\"https:\/\/dev.mondoestudio.es\/twiga\/telecinco-la-coautora-del-ultimo-estudio-sobre-salud-mental-la-gente-siente-que-la-realidad-no-da-tregua\/\"]}]},{\"@type\":\"ImageObject\",\"inLanguage\":\"es\",\"@id\":\"https:\/\/dev.mondoestudio.es\/twiga\/telecinco-la-coautora-del-ultimo-estudio-sobre-salud-mental-la-gente-siente-que-la-realidad-no-da-tregua\/#primaryimage\",\"url\":\"https:\/\/dev.mondoestudio.es\/twiga\/wp-content\/uploads\/2023\/03\/la-coautora-del-ultimo-estudio-s.webp\",\"contentUrl\":\"https:\/\/dev.mondoestudio.es\/twiga\/wp-content\/uploads\/2023\/03\/la-coautora-del-ultimo-estudio-s.webp\",\"width\":1200,\"height\":675,\"caption\":\"Marta Delgado, directora del estudio sobre salud mental de la Fundaci\u00f3n Mutua Madrile\u00f1a y la Confederaci\u00f3n Salud Mental.\"},{\"@type\":\"BreadcrumbList\",\"@id\":\"https:\/\/dev.mondoestudio.es\/twiga\/telecinco-la-coautora-del-ultimo-estudio-sobre-salud-mental-la-gente-siente-que-la-realidad-no-da-tregua\/#breadcrumb\",\"itemListElement\":[{\"@type\":\"ListItem\",\"position\":1,\"name\":\"Portada\",\"item\":\"https:\/\/dev.mondoestudio.es\/twiga\/\"},{\"@type\":\"ListItem\",\"position\":2,\"name\":\"Telecinco, La coautora del \u00faltimo estudio sobre salud mental: \u00abLa gente siente que la realidad no da tregua\u00bb\"}]},{\"@type\":\"WebSite\",\"@id\":\"https:\/\/dev.mondoestudio.es\/twiga\/#website\",\"url\":\"https:\/\/dev.mondoestudio.es\/twiga\/\",\"name\":\"Twiga Strategy\",\"description\":\"\",\"publisher\":{\"@id\":\"https:\/\/dev.mondoestudio.es\/twiga\/#organization\"},\"potentialAction\":[{\"@type\":\"SearchAction\",\"target\":{\"@type\":\"EntryPoint\",\"urlTemplate\":\"https:\/\/dev.mondoestudio.es\/twiga\/?s={search_term_string}\"},\"query-input\":\"required name=search_term_string\"}],\"inLanguage\":\"es\"},{\"@type\":\"Organization\",\"@id\":\"https:\/\/dev.mondoestudio.es\/twiga\/#organization\",\"name\":\"Twiga Strategy\",\"url\":\"https:\/\/dev.mondoestudio.es\/twiga\/\",\"logo\":{\"@type\":\"ImageObject\",\"inLanguage\":\"es\",\"@id\":\"https:\/\/dev.mondoestudio.es\/twiga\/#\/schema\/logo\/image\/\",\"url\":\"https:\/\/dev.mondoestudio.es\/twiga\/wp-content\/uploads\/2024\/03\/Layer_1.png\",\"contentUrl\":\"https:\/\/dev.mondoestudio.es\/twiga\/wp-content\/uploads\/2024\/03\/Layer_1.png\",\"width\":117,\"height\":80,\"caption\":\"Twiga Strategy\"},\"image\":{\"@id\":\"https:\/\/dev.mondoestudio.es\/twiga\/#\/schema\/logo\/image\/\"}},{\"@type\":\"Person\",\"@id\":\"https:\/\/dev.mondoestudio.es\/twiga\/#\/schema\/person\/58823b3cfb591281663d244f017379a7\",\"name\":\"mondo\",\"image\":{\"@type\":\"ImageObject\",\"inLanguage\":\"es\",\"@id\":\"https:\/\/dev.mondoestudio.es\/twiga\/#\/schema\/person\/image\/\",\"url\":\"https:\/\/secure.gravatar.com\/avatar\/407d20c32e8b48735a147370523640e8af6fdcdb2983ea5492ac1e61543c59d2?s=96&d=mm&r=g\",\"contentUrl\":\"https:\/\/secure.gravatar.com\/avatar\/407d20c32e8b48735a147370523640e8af6fdcdb2983ea5492ac1e61543c59d2?s=96&d=mm&r=g\",\"caption\":\"mondo\"},\"sameAs\":[\"https:\/\/dev.mondoestudio.es\/twiga\"],\"url\":\"https:\/\/dev.mondoestudio.es\/twiga\/author\/mondo\/\"}]}<\/script>\n<!-- \/ Yoast SEO Premium plugin. -->","yoast_head_json":{"title":"Estudio Revela: La realidad actual afecta profundamente la Salud Mental","description":"La coautora de un importante estudio comparte insights sobre c\u00f3mo la realidad contempor\u00e1nea est\u00e1 impactando la salud mental de las personas.","robots":{"index":"noindex","follow":"follow","max-snippet":"max-snippet:-1","max-image-preview":"max-image-preview:large","max-video-preview":"max-video-preview:-1"},"og_locale":"es_ES","og_type":"article","og_title":"Telecinco, La coautora del \u00faltimo estudio sobre salud mental: \"La gente siente que la realidad no da tregua\"","og_description":"La coautora de un importante estudio comparte insights sobre c\u00f3mo la realidad contempor\u00e1nea est\u00e1 impactando la salud mental de las personas.","og_url":"https:\/\/dev.mondoestudio.es\/twiga\/telecinco-la-coautora-del-ultimo-estudio-sobre-salud-mental-la-gente-siente-que-la-realidad-no-da-tregua\/","og_site_name":"Twiga Strategy","article_published_time":"2023-03-18T13:15:36+00:00","article_modified_time":"2024-05-09T11:26:47+00:00","og_image":[{"width":1200,"height":675,"url":"https:\/\/dev.mondoestudio.es\/twiga\/wp-content\/uploads\/2023\/03\/la-coautora-del-ultimo-estudio-s.webp","type":"image\/webp"}],"author":"mondo","twitter_card":"summary_large_image","twitter_misc":{"Escrito por":"mondo","Tiempo de lectura":"2 minutos"},"schema":{"@context":"https:\/\/schema.org","@graph":[{"@type":"Article","@id":"https:\/\/dev.mondoestudio.es\/twiga\/telecinco-la-coautora-del-ultimo-estudio-sobre-salud-mental-la-gente-siente-que-la-realidad-no-da-tregua\/#article","isPartOf":{"@id":"https:\/\/dev.mondoestudio.es\/twiga\/telecinco-la-coautora-del-ultimo-estudio-sobre-salud-mental-la-gente-siente-que-la-realidad-no-da-tregua\/"},"author":{"name":"mondo","@id":"https:\/\/dev.mondoestudio.es\/twiga\/#\/schema\/person\/58823b3cfb591281663d244f017379a7"},"headline":"Telecinco, La coautora del \u00faltimo estudio sobre salud mental: \u00abLa gente siente que la realidad no da tregua\u00bb","datePublished":"2023-03-18T13:15:36+00:00","dateModified":"2024-05-09T11:26:47+00:00","mainEntityOfPage":{"@id":"https:\/\/dev.mondoestudio.es\/twiga\/telecinco-la-coautora-del-ultimo-estudio-sobre-salud-mental-la-gente-siente-que-la-realidad-no-da-tregua\/"},"wordCount":319,"publisher":{"@id":"https:\/\/dev.mondoestudio.es\/twiga\/#organization"},"image":{"@id":"https:\/\/dev.mondoestudio.es\/twiga\/telecinco-la-coautora-del-ultimo-estudio-sobre-salud-mental-la-gente-siente-que-la-realidad-no-da-tregua\/#primaryimage"},"thumbnailUrl":"https:\/\/dev.mondoestudio.es\/twiga\/wp-content\/uploads\/2023\/03\/la-coautora-del-ultimo-estudio-s.webp","articleSection":["Publicaciones"],"inLanguage":"es"},{"@type":"WebPage","@id":"https:\/\/dev.mondoestudio.es\/twiga\/telecinco-la-coautora-del-ultimo-estudio-sobre-salud-mental-la-gente-siente-que-la-realidad-no-da-tregua\/","url":"https:\/\/dev.mondoestudio.es\/twiga\/telecinco-la-coautora-del-ultimo-estudio-sobre-salud-mental-la-gente-siente-que-la-realidad-no-da-tregua\/","name":"Estudio Revela: La realidad actual afecta profundamente la Salud Mental","isPartOf":{"@id":"https:\/\/dev.mondoestudio.es\/twiga\/#website"},"primaryImageOfPage":{"@id":"https:\/\/dev.mondoestudio.es\/twiga\/telecinco-la-coautora-del-ultimo-estudio-sobre-salud-mental-la-gente-siente-que-la-realidad-no-da-tregua\/#primaryimage"},"image":{"@id":"https:\/\/dev.mondoestudio.es\/twiga\/telecinco-la-coautora-del-ultimo-estudio-sobre-salud-mental-la-gente-siente-que-la-realidad-no-da-tregua\/#primaryimage"},"thumbnailUrl":"https:\/\/dev.mondoestudio.es\/twiga\/wp-content\/uploads\/2023\/03\/la-coautora-del-ultimo-estudio-s.webp","datePublished":"2023-03-18T13:15:36+00:00","dateModified":"2024-05-09T11:26:47+00:00","description":"La coautora de un importante estudio comparte insights sobre c\u00f3mo la realidad contempor\u00e1nea est\u00e1 impactando la salud mental de las personas.","breadcrumb":{"@id":"https:\/\/dev.mondoestudio.es\/twiga\/telecinco-la-coautora-del-ultimo-estudio-sobre-salud-mental-la-gente-siente-que-la-realidad-no-da-tregua\/#breadcrumb"},"inLanguage":"es","potentialAction":[{"@type":"ReadAction","target":["https:\/\/dev.mondoestudio.es\/twiga\/telecinco-la-coautora-del-ultimo-estudio-sobre-salud-mental-la-gente-siente-que-la-realidad-no-da-tregua\/"]}]},{"@type":"ImageObject","inLanguage":"es","@id":"https:\/\/dev.mondoestudio.es\/twiga\/telecinco-la-coautora-del-ultimo-estudio-sobre-salud-mental-la-gente-siente-que-la-realidad-no-da-tregua\/#primaryimage","url":"https:\/\/dev.mondoestudio.es\/twiga\/wp-content\/uploads\/2023\/03\/la-coautora-del-ultimo-estudio-s.webp","contentUrl":"https:\/\/dev.mondoestudio.es\/twiga\/wp-content\/uploads\/2023\/03\/la-coautora-del-ultimo-estudio-s.webp","width":1200,"height":675,"caption":"Marta Delgado, directora del estudio sobre salud mental de la Fundaci\u00f3n Mutua Madrile\u00f1a y la Confederaci\u00f3n Salud Mental."},{"@type":"BreadcrumbList","@id":"https:\/\/dev.mondoestudio.es\/twiga\/telecinco-la-coautora-del-ultimo-estudio-sobre-salud-mental-la-gente-siente-que-la-realidad-no-da-tregua\/#breadcrumb","itemListElement":[{"@type":"ListItem","position":1,"name":"Portada","item":"https:\/\/dev.mondoestudio.es\/twiga\/"},{"@type":"ListItem","position":2,"name":"Telecinco, La coautora del \u00faltimo estudio sobre salud mental: \u00abLa gente siente que la realidad no da tregua\u00bb"}]},{"@type":"WebSite","@id":"https:\/\/dev.mondoestudio.es\/twiga\/#website","url":"https:\/\/dev.mondoestudio.es\/twiga\/","name":"Twiga Strategy","description":"","publisher":{"@id":"https:\/\/dev.mondoestudio.es\/twiga\/#organization"},"potentialAction":[{"@type":"SearchAction","target":{"@type":"EntryPoint","urlTemplate":"https:\/\/dev.mondoestudio.es\/twiga\/?s={search_term_string}"},"query-input":"required name=search_term_string"}],"inLanguage":"es"},{"@type":"Organization","@id":"https:\/\/dev.mondoestudio.es\/twiga\/#organization","name":"Twiga Strategy","url":"https:\/\/dev.mondoestudio.es\/twiga\/","logo":{"@type":"ImageObject","inLanguage":"es","@id":"https:\/\/dev.mondoestudio.es\/twiga\/#\/schema\/logo\/image\/","url":"https:\/\/dev.mondoestudio.es\/twiga\/wp-content\/uploads\/2024\/03\/Layer_1.png","contentUrl":"https:\/\/dev.mondoestudio.es\/twiga\/wp-content\/uploads\/2024\/03\/Layer_1.png","width":117,"height":80,"caption":"Twiga Strategy"},"image":{"@id":"https:\/\/dev.mondoestudio.es\/twiga\/#\/schema\/logo\/image\/"}},{"@type":"Person","@id":"https:\/\/dev.mondoestudio.es\/twiga\/#\/schema\/person\/58823b3cfb591281663d244f017379a7","name":"mondo","image":{"@type":"ImageObject","inLanguage":"es","@id":"https:\/\/dev.mondoestudio.es\/twiga\/#\/schema\/person\/image\/","url":"https:\/\/secure.gravatar.com\/avatar\/407d20c32e8b48735a147370523640e8af6fdcdb2983ea5492ac1e61543c59d2?s=96&d=mm&r=g","contentUrl":"https:\/\/secure.gravatar.com\/avatar\/407d20c32e8b48735a147370523640e8af6fdcdb2983ea5492ac1e61543c59d2?s=96&d=mm&r=g","caption":"mondo"},"sameAs":["https:\/\/dev.mondoestudio.es\/twiga"],"url":"https:\/\/dev.mondoestudio.es\/twiga\/author\/mondo\/"}]}},"uagb_featured_image_src":{"full":["https:\/\/dev.mondoestudio.es\/twiga\/wp-content\/uploads\/2023\/03\/la-coautora-del-ultimo-estudio-s.webp",1200,675,false],"thumbnail":["https:\/\/dev.mondoestudio.es\/twiga\/wp-content\/uploads\/2023\/03\/la-coautora-del-ultimo-estudio-s-150x150.webp",150,150,true],"medium":["https:\/\/dev.mondoestudio.es\/twiga\/wp-content\/uploads\/2023\/03\/la-coautora-del-ultimo-estudio-s-300x169.webp",300,169,true],"medium_large":["https:\/\/dev.mondoestudio.es\/twiga\/wp-content\/uploads\/2023\/03\/la-coautora-del-ultimo-estudio-s-768x432.webp",768,432,true],"large":["https:\/\/dev.mondoestudio.es\/twiga\/wp-content\/uploads\/2023\/03\/la-coautora-del-ultimo-estudio-s-1024x576.webp",1024,576,true],"1536x1536":["https:\/\/dev.mondoestudio.es\/twiga\/wp-content\/uploads\/2023\/03\/la-coautora-del-ultimo-estudio-s.webp",1200,675,false],"2048x2048":["https:\/\/dev.mondoestudio.es\/twiga\/wp-content\/uploads\/2023\/03\/la-coautora-del-ultimo-estudio-s.webp",1200,675,false]},"uagb_author_info":{"display_name":"mondo","author_link":"https:\/\/dev.mondoestudio.es\/twiga\/author\/mondo\/"},"uagb_comment_info":0,"uagb_excerpt":"Cuatro de cada 10 espa\u00f1oles considera que su salud mental no es buena, que casi el 75% de la poblaci\u00f3n cree que ha empeorado para todos en los \u00faltimos a\u00f1os y que m\u00e1s del 14% ha pensado o intentado suicidarse.","_links":{"self":[{"href":"https:\/\/dev.mondoestudio.es\/twiga\/wp-json\/wp\/v2\/posts\/3858","targetHints":{"allow":["GET"]}}],"collection":[{"href":"https:\/\/dev.mondoestudio.es\/twiga\/wp-json\/wp\/v2\/posts"}],"about":[{"href":"https:\/\/dev.mondoestudio.es\/twiga\/wp-json\/wp\/v2\/types\/post"}],"author":[{"embeddable":true,"href":"https:\/\/dev.mondoestudio.es\/twiga\/wp-json\/wp\/v2\/users\/1"}],"replies":[{"embeddable":true,"href":"https:\/\/dev.mondoestudio.es\/twiga\/wp-json\/wp\/v2\/comments?post=3858"}],"version-history":[{"count":4,"href":"https:\/\/dev.mondoestudio.es\/twiga\/wp-json\/wp\/v2\/posts\/3858\/revisions"}],"predecessor-version":[{"id":3866,"href":"https:\/\/dev.mondoestudio.es\/twiga\/wp-json\/wp\/v2\/posts\/3858\/revisions\/3866"}],"wp:featuredmedia":[{"embeddable":true,"href":"https:\/\/dev.mondoestudio.es\/twiga\/wp-json\/wp\/v2\/media\/3860"}],"wp:attachment":[{"href":"https:\/\/dev.mondoestudio.es\/twiga\/wp-json\/wp\/v2\/media?parent=3858"}],"wp:term":[{"taxonomy":"category","embeddable":true,"href":"https:\/\/dev.mondoestudio.es\/twiga\/wp-json\/wp\/v2\/categories?post=3858"},{"taxonomy":"post_tag","embeddable":true,"href":"https:\/\/dev.mondoestudio.es\/twiga\/wp-json\/wp\/v2\/tags?post=3858"}],"curies":[{"name":"wp","href":"https:\/\/api.w.org\/{rel}","templated":true}]}}