{"id":4239,"date":"2024-04-30T06:14:40","date_gmt":"2024-04-30T06:14:40","guid":{"rendered":"https:\/\/dev.mondoestudio.es\/twiga\/?p=4239"},"modified":"2024-11-07T08:40:08","modified_gmt":"2024-11-07T08:40:08","slug":"la-comunicacion-no-violenta-puede-cambiar-nuestros-entornos-de-trabajo","status":"publish","type":"post","link":"https:\/\/dev.mondoestudio.es\/twiga\/la-comunicacion-no-violenta-puede-cambiar-nuestros-entornos-de-trabajo\/","title":{"rendered":"La Comunicaci\u00f3n No Violenta puede cambiar nuestros entornos de trabajo"},"content":{"rendered":"\n<p>Descubre c\u00f3mo implementar la comunicaci\u00f3n no violenta en el lugar de trabajo para mejorar las relaciones y la eficiencia. Este enfoque se centra en escuchar con empat\u00eda y expresar nuestras necesidades claramente sin agresi\u00f3n, fomentando un ambiente laboral m\u00e1s colaborativo y respetuoso.<\/p>\n\n\n\n<figure class=\"wp-block-embed aligncenter is-type-video is-provider-youtube wp-block-embed-youtube wp-embed-aspect-16-9 wp-has-aspect-ratio\"><div class=\"wp-block-embed__wrapper\">\n<div class=\"ast-oembed-container \" style=\"height: 100%;\"><iframe loading=\"lazy\" title=\"Escuchar m\u00e1s all\u00e1 de lo que o\u00edmos: la empat\u00eda como fuente de conocimiento\" width=\"500\" height=\"281\" src=\"https:\/\/www.youtube.com\/embed\/OmmRrYTv_nQ?start=118&#038;feature=oembed\" frameborder=\"0\" allow=\"accelerometer; autoplay; clipboard-write; encrypted-media; gyroscope; picture-in-picture; web-share\" referrerpolicy=\"strict-origin-when-cross-origin\" allowfullscreen><\/iframe><\/div>\n<\/div><\/figure>\n\n\n\n<div class=\"wp-block-buttons is-layout-flex wp-block-buttons-is-layout-flex\">\n<div class=\"wp-block-button\"><a class=\"wp-block-button__link wp-element-button\" href=\"https:\/\/innovayaccion.com\/comunicacion-no-violenta-entorno-trabajo\" target=\"_blank\" rel=\"noreferrer noopener nofollow\">ver noticia<\/a><\/div>\n<\/div>\n","protected":false},"excerpt":{"rendered":"<p>Descubre c\u00f3mo implementar la comunicaci\u00f3n no violenta en el lugar de trabajo para mejorar las relaciones y la eficiencia. Este [&hellip;]<\/p>\n","protected":false},"author":1,"featured_media":4242,"comment_status":"open","ping_status":"open","sticky":false,"template":"","format":"standard","meta":{"_uag_custom_page_level_css":"","site-sidebar-layout":"default","site-content-layout":"","ast-site-content-layout":"","site-content-style":"default","site-sidebar-style":"default","ast-global-header-display":"","ast-banner-title-visibility":"","ast-main-header-display":"","ast-hfb-above-header-display":"","ast-hfb-below-header-display":"","ast-hfb-mobile-header-display":"","site-post-title":"","ast-breadcrumbs-content":"","ast-featured-img":"","footer-sml-layout":"","theme-transparent-header-meta":"","adv-header-id-meta":"","stick-header-meta":"","header-above-stick-meta":"","header-main-stick-meta":"","header-below-stick-meta":"","astra-migrate-meta-layouts":"default","ast-page-background-enabled":"default","ast-page-background-meta":{"desktop":{"background-color":"var(--ast-global-color-4)","background-image":"","background-repeat":"repeat","background-position":"center center","background-size":"auto","background-attachment":"scroll","background-type":"","background-media":"","overlay-type":"","overlay-color":"","overlay-gradient":""},"tablet":{"background-color":"","background-image":"","background-repeat":"repeat","background-position":"center center","background-size":"auto","background-attachment":"scroll","background-type":"","background-media":"","overlay-type":"","overlay-color":"","overlay-gradient":""},"mobile":{"background-color":"","background-image":"","background-repeat":"repeat","background-position":"center center","background-size":"auto","background-attachment":"scroll","background-type":"","background-media":"","overlay-type":"","overlay-color":"","overlay-gradient":""}},"ast-content-background-meta":{"desktop":{"background-color":"var(--ast-global-color-5)","background-image":"","background-repeat":"repeat","background-position":"center center","background-size":"auto","background-attachment":"scroll","background-type":"","background-media":"","overlay-type":"","overlay-color":"","overlay-gradient":""},"tablet":{"background-color":"var(--ast-global-color-5)","background-image":"","background-repeat":"repeat","background-position":"center center","background-size":"auto","background-attachment":"scroll","background-type":"","background-media":"","overlay-type":"","overlay-color":"","overlay-gradient":""},"mobile":{"background-color":"var(--ast-global-color-5)","background-image":"","background-repeat":"repeat","background-position":"center center","background-size":"auto","background-attachment":"scroll","background-type":"","background-media":"","overlay-type":"","overlay-color":"","overlay-gradient":""}},"footnotes":""},"categories":[1],"tags":[],"class_list":["post-4239","post","type-post","status-publish","format-standard","has-post-thumbnail","hentry","category-negocios"],"yoast_head":"<!-- This site is optimized with the Yoast SEO Premium plugin v20.10 (Yoast SEO v22.6) - https:\/\/yoast.com\/wordpress\/plugins\/seo\/ -->\n<title>C\u00f3mo la Comunicaci\u00f3n No Violenta Transforma los Entornos de Trabajo<\/title>\n<meta name=\"description\" content=\"Descubre el poder de la Comunicaci\u00f3n No Violenta en el trabajo y c\u00f3mo puede mejorar las relaciones y la productividad en tu entorno laboral.\" \/>\n<meta name=\"robots\" content=\"noindex, follow, max-snippet:-1, max-image-preview:large, max-video-preview:-1\" \/>\n<meta property=\"og:locale\" content=\"es_ES\" \/>\n<meta property=\"og:type\" content=\"article\" \/>\n<meta property=\"og:title\" content=\"La Comunicaci\u00f3n No Violenta puede cambiar nuestros entornos de trabajo\" \/>\n<meta property=\"og:description\" content=\"Descubre el poder de la Comunicaci\u00f3n No Violenta en el trabajo y c\u00f3mo puede mejorar las relaciones y la productividad en tu entorno laboral.\" \/>\n<meta property=\"og:url\" content=\"https:\/\/dev.mondoestudio.es\/twiga\/la-comunicacion-no-violenta-puede-cambiar-nuestros-entornos-de-trabajo\/\" \/>\n<meta property=\"og:site_name\" content=\"Twiga Strategy\" \/>\n<meta property=\"article:published_time\" content=\"2024-04-30T06:14:40+00:00\" \/>\n<meta property=\"article:modified_time\" content=\"2024-11-07T08:40:08+00:00\" \/>\n<meta property=\"og:image\" content=\"https:\/\/dev.mondoestudio.es\/twiga\/wp-content\/uploads\/2024\/04\/comunicacion-no-violenta-6.jpg\" \/>\n\t<meta property=\"og:image:width\" content=\"900\" \/>\n\t<meta property=\"og:image:height\" content=\"600\" \/>\n\t<meta property=\"og:image:type\" content=\"image\/jpeg\" \/>\n<meta name=\"author\" content=\"mondo\" \/>\n<meta name=\"twitter:card\" content=\"summary_large_image\" \/>\n<meta name=\"twitter:label1\" content=\"Escrito por\" \/>\n\t<meta name=\"twitter:data1\" content=\"mondo\" \/>\n\t<meta name=\"twitter:label2\" content=\"Tiempo de lectura\" \/>\n\t<meta name=\"twitter:data2\" content=\"1 minuto\" \/>\n<script type=\"application\/ld+json\" class=\"yoast-schema-graph\">{\"@context\":\"https:\/\/schema.org\",\"@graph\":[{\"@type\":\"Article\",\"@id\":\"https:\/\/dev.mondoestudio.es\/twiga\/la-comunicacion-no-violenta-puede-cambiar-nuestros-entornos-de-trabajo\/#article\",\"isPartOf\":{\"@id\":\"https:\/\/dev.mondoestudio.es\/twiga\/la-comunicacion-no-violenta-puede-cambiar-nuestros-entornos-de-trabajo\/\"},\"author\":{\"name\":\"mondo\",\"@id\":\"https:\/\/dev.mondoestudio.es\/twiga\/#\/schema\/person\/58823b3cfb591281663d244f017379a7\"},\"headline\":\"La Comunicaci\u00f3n No Violenta puede cambiar nuestros entornos de trabajo\",\"datePublished\":\"2024-04-30T06:14:40+00:00\",\"dateModified\":\"2024-11-07T08:40:08+00:00\",\"mainEntityOfPage\":{\"@id\":\"https:\/\/dev.mondoestudio.es\/twiga\/la-comunicacion-no-violenta-puede-cambiar-nuestros-entornos-de-trabajo\/\"},\"wordCount\":79,\"commentCount\":0,\"publisher\":{\"@id\":\"https:\/\/dev.mondoestudio.es\/twiga\/#organization\"},\"image\":{\"@id\":\"https:\/\/dev.mondoestudio.es\/twiga\/la-comunicacion-no-violenta-puede-cambiar-nuestros-entornos-de-trabajo\/#primaryimage\"},\"thumbnailUrl\":\"https:\/\/dev.mondoestudio.es\/twiga\/wp-content\/uploads\/2024\/04\/comunicacion-no-violenta-6.jpg\",\"articleSection\":[\"Negocios\"],\"inLanguage\":\"es\",\"potentialAction\":[{\"@type\":\"CommentAction\",\"name\":\"Comment\",\"target\":[\"https:\/\/dev.mondoestudio.es\/twiga\/la-comunicacion-no-violenta-puede-cambiar-nuestros-entornos-de-trabajo\/#respond\"]}]},{\"@type\":\"WebPage\",\"@id\":\"https:\/\/dev.mondoestudio.es\/twiga\/la-comunicacion-no-violenta-puede-cambiar-nuestros-entornos-de-trabajo\/\",\"url\":\"https:\/\/dev.mondoestudio.es\/twiga\/la-comunicacion-no-violenta-puede-cambiar-nuestros-entornos-de-trabajo\/\",\"name\":\"C\u00f3mo la Comunicaci\u00f3n No Violenta Transforma los Entornos de Trabajo\",\"isPartOf\":{\"@id\":\"https:\/\/dev.mondoestudio.es\/twiga\/#website\"},\"primaryImageOfPage\":{\"@id\":\"https:\/\/dev.mondoestudio.es\/twiga\/la-comunicacion-no-violenta-puede-cambiar-nuestros-entornos-de-trabajo\/#primaryimage\"},\"image\":{\"@id\":\"https:\/\/dev.mondoestudio.es\/twiga\/la-comunicacion-no-violenta-puede-cambiar-nuestros-entornos-de-trabajo\/#primaryimage\"},\"thumbnailUrl\":\"https:\/\/dev.mondoestudio.es\/twiga\/wp-content\/uploads\/2024\/04\/comunicacion-no-violenta-6.jpg\",\"datePublished\":\"2024-04-30T06:14:40+00:00\",\"dateModified\":\"2024-11-07T08:40:08+00:00\",\"description\":\"Descubre el poder de la Comunicaci\u00f3n No Violenta en el trabajo y c\u00f3mo puede mejorar las relaciones y la productividad en tu entorno laboral.\",\"breadcrumb\":{\"@id\":\"https:\/\/dev.mondoestudio.es\/twiga\/la-comunicacion-no-violenta-puede-cambiar-nuestros-entornos-de-trabajo\/#breadcrumb\"},\"inLanguage\":\"es\",\"potentialAction\":[{\"@type\":\"ReadAction\",\"target\":[\"https:\/\/dev.mondoestudio.es\/twiga\/la-comunicacion-no-violenta-puede-cambiar-nuestros-entornos-de-trabajo\/\"]}]},{\"@type\":\"ImageObject\",\"inLanguage\":\"es\",\"@id\":\"https:\/\/dev.mondoestudio.es\/twiga\/la-comunicacion-no-violenta-puede-cambiar-nuestros-entornos-de-trabajo\/#primaryimage\",\"url\":\"https:\/\/dev.mondoestudio.es\/twiga\/wp-content\/uploads\/2024\/04\/comunicacion-no-violenta-6.jpg\",\"contentUrl\":\"https:\/\/dev.mondoestudio.es\/twiga\/wp-content\/uploads\/2024\/04\/comunicacion-no-violenta-6.jpg\",\"width\":900,\"height\":600,\"caption\":\"comunicaci\u00f3n no violenta\"},{\"@type\":\"BreadcrumbList\",\"@id\":\"https:\/\/dev.mondoestudio.es\/twiga\/la-comunicacion-no-violenta-puede-cambiar-nuestros-entornos-de-trabajo\/#breadcrumb\",\"itemListElement\":[{\"@type\":\"ListItem\",\"position\":1,\"name\":\"Portada\",\"item\":\"https:\/\/dev.mondoestudio.es\/twiga\/\"},{\"@type\":\"ListItem\",\"position\":2,\"name\":\"La Comunicaci\u00f3n No Violenta puede cambiar nuestros entornos de trabajo\"}]},{\"@type\":\"WebSite\",\"@id\":\"https:\/\/dev.mondoestudio.es\/twiga\/#website\",\"url\":\"https:\/\/dev.mondoestudio.es\/twiga\/\",\"name\":\"Twiga Strategy\",\"description\":\"\",\"publisher\":{\"@id\":\"https:\/\/dev.mondoestudio.es\/twiga\/#organization\"},\"potentialAction\":[{\"@type\":\"SearchAction\",\"target\":{\"@type\":\"EntryPoint\",\"urlTemplate\":\"https:\/\/dev.mondoestudio.es\/twiga\/?s={search_term_string}\"},\"query-input\":\"required name=search_term_string\"}],\"inLanguage\":\"es\"},{\"@type\":\"Organization\",\"@id\":\"https:\/\/dev.mondoestudio.es\/twiga\/#organization\",\"name\":\"Twiga Strategy\",\"url\":\"https:\/\/dev.mondoestudio.es\/twiga\/\",\"logo\":{\"@type\":\"ImageObject\",\"inLanguage\":\"es\",\"@id\":\"https:\/\/dev.mondoestudio.es\/twiga\/#\/schema\/logo\/image\/\",\"url\":\"https:\/\/dev.mondoestudio.es\/twiga\/wp-content\/uploads\/2024\/03\/Layer_1.png\",\"contentUrl\":\"https:\/\/dev.mondoestudio.es\/twiga\/wp-content\/uploads\/2024\/03\/Layer_1.png\",\"width\":117,\"height\":80,\"caption\":\"Twiga Strategy\"},\"image\":{\"@id\":\"https:\/\/dev.mondoestudio.es\/twiga\/#\/schema\/logo\/image\/\"}},{\"@type\":\"Person\",\"@id\":\"https:\/\/dev.mondoestudio.es\/twiga\/#\/schema\/person\/58823b3cfb591281663d244f017379a7\",\"name\":\"mondo\",\"image\":{\"@type\":\"ImageObject\",\"inLanguage\":\"es\",\"@id\":\"https:\/\/dev.mondoestudio.es\/twiga\/#\/schema\/person\/image\/\",\"url\":\"https:\/\/secure.gravatar.com\/avatar\/407d20c32e8b48735a147370523640e8af6fdcdb2983ea5492ac1e61543c59d2?s=96&d=mm&r=g\",\"contentUrl\":\"https:\/\/secure.gravatar.com\/avatar\/407d20c32e8b48735a147370523640e8af6fdcdb2983ea5492ac1e61543c59d2?s=96&d=mm&r=g\",\"caption\":\"mondo\"},\"sameAs\":[\"https:\/\/dev.mondoestudio.es\/twiga\"],\"url\":\"https:\/\/dev.mondoestudio.es\/twiga\/author\/mondo\/\"}]}<\/script>\n<!-- \/ Yoast SEO Premium plugin. -->","yoast_head_json":{"title":"C\u00f3mo la Comunicaci\u00f3n No Violenta Transforma los Entornos de Trabajo","description":"Descubre el poder de la Comunicaci\u00f3n No Violenta en el trabajo y c\u00f3mo puede mejorar las relaciones y la productividad en tu entorno laboral.","robots":{"index":"noindex","follow":"follow","max-snippet":"max-snippet:-1","max-image-preview":"max-image-preview:large","max-video-preview":"max-video-preview:-1"},"og_locale":"es_ES","og_type":"article","og_title":"La Comunicaci\u00f3n No Violenta puede cambiar nuestros entornos de trabajo","og_description":"Descubre el poder de la Comunicaci\u00f3n No Violenta en el trabajo y c\u00f3mo puede mejorar las relaciones y la productividad en tu entorno laboral.","og_url":"https:\/\/dev.mondoestudio.es\/twiga\/la-comunicacion-no-violenta-puede-cambiar-nuestros-entornos-de-trabajo\/","og_site_name":"Twiga Strategy","article_published_time":"2024-04-30T06:14:40+00:00","article_modified_time":"2024-11-07T08:40:08+00:00","og_image":[{"width":900,"height":600,"url":"https:\/\/dev.mondoestudio.es\/twiga\/wp-content\/uploads\/2024\/04\/comunicacion-no-violenta-6.jpg","type":"image\/jpeg"}],"author":"mondo","twitter_card":"summary_large_image","twitter_misc":{"Escrito por":"mondo","Tiempo de lectura":"1 minuto"},"schema":{"@context":"https:\/\/schema.org","@graph":[{"@type":"Article","@id":"https:\/\/dev.mondoestudio.es\/twiga\/la-comunicacion-no-violenta-puede-cambiar-nuestros-entornos-de-trabajo\/#article","isPartOf":{"@id":"https:\/\/dev.mondoestudio.es\/twiga\/la-comunicacion-no-violenta-puede-cambiar-nuestros-entornos-de-trabajo\/"},"author":{"name":"mondo","@id":"https:\/\/dev.mondoestudio.es\/twiga\/#\/schema\/person\/58823b3cfb591281663d244f017379a7"},"headline":"La Comunicaci\u00f3n No Violenta puede cambiar nuestros entornos de trabajo","datePublished":"2024-04-30T06:14:40+00:00","dateModified":"2024-11-07T08:40:08+00:00","mainEntityOfPage":{"@id":"https:\/\/dev.mondoestudio.es\/twiga\/la-comunicacion-no-violenta-puede-cambiar-nuestros-entornos-de-trabajo\/"},"wordCount":79,"commentCount":0,"publisher":{"@id":"https:\/\/dev.mondoestudio.es\/twiga\/#organization"},"image":{"@id":"https:\/\/dev.mondoestudio.es\/twiga\/la-comunicacion-no-violenta-puede-cambiar-nuestros-entornos-de-trabajo\/#primaryimage"},"thumbnailUrl":"https:\/\/dev.mondoestudio.es\/twiga\/wp-content\/uploads\/2024\/04\/comunicacion-no-violenta-6.jpg","articleSection":["Negocios"],"inLanguage":"es","potentialAction":[{"@type":"CommentAction","name":"Comment","target":["https:\/\/dev.mondoestudio.es\/twiga\/la-comunicacion-no-violenta-puede-cambiar-nuestros-entornos-de-trabajo\/#respond"]}]},{"@type":"WebPage","@id":"https:\/\/dev.mondoestudio.es\/twiga\/la-comunicacion-no-violenta-puede-cambiar-nuestros-entornos-de-trabajo\/","url":"https:\/\/dev.mondoestudio.es\/twiga\/la-comunicacion-no-violenta-puede-cambiar-nuestros-entornos-de-trabajo\/","name":"C\u00f3mo la Comunicaci\u00f3n No Violenta Transforma los Entornos de Trabajo","isPartOf":{"@id":"https:\/\/dev.mondoestudio.es\/twiga\/#website"},"primaryImageOfPage":{"@id":"https:\/\/dev.mondoestudio.es\/twiga\/la-comunicacion-no-violenta-puede-cambiar-nuestros-entornos-de-trabajo\/#primaryimage"},"image":{"@id":"https:\/\/dev.mondoestudio.es\/twiga\/la-comunicacion-no-violenta-puede-cambiar-nuestros-entornos-de-trabajo\/#primaryimage"},"thumbnailUrl":"https:\/\/dev.mondoestudio.es\/twiga\/wp-content\/uploads\/2024\/04\/comunicacion-no-violenta-6.jpg","datePublished":"2024-04-30T06:14:40+00:00","dateModified":"2024-11-07T08:40:08+00:00","description":"Descubre el poder de la Comunicaci\u00f3n No Violenta en el trabajo y c\u00f3mo puede mejorar las relaciones y la productividad en tu entorno laboral.","breadcrumb":{"@id":"https:\/\/dev.mondoestudio.es\/twiga\/la-comunicacion-no-violenta-puede-cambiar-nuestros-entornos-de-trabajo\/#breadcrumb"},"inLanguage":"es","potentialAction":[{"@type":"ReadAction","target":["https:\/\/dev.mondoestudio.es\/twiga\/la-comunicacion-no-violenta-puede-cambiar-nuestros-entornos-de-trabajo\/"]}]},{"@type":"ImageObject","inLanguage":"es","@id":"https:\/\/dev.mondoestudio.es\/twiga\/la-comunicacion-no-violenta-puede-cambiar-nuestros-entornos-de-trabajo\/#primaryimage","url":"https:\/\/dev.mondoestudio.es\/twiga\/wp-content\/uploads\/2024\/04\/comunicacion-no-violenta-6.jpg","contentUrl":"https:\/\/dev.mondoestudio.es\/twiga\/wp-content\/uploads\/2024\/04\/comunicacion-no-violenta-6.jpg","width":900,"height":600,"caption":"comunicaci\u00f3n no violenta"},{"@type":"BreadcrumbList","@id":"https:\/\/dev.mondoestudio.es\/twiga\/la-comunicacion-no-violenta-puede-cambiar-nuestros-entornos-de-trabajo\/#breadcrumb","itemListElement":[{"@type":"ListItem","position":1,"name":"Portada","item":"https:\/\/dev.mondoestudio.es\/twiga\/"},{"@type":"ListItem","position":2,"name":"La Comunicaci\u00f3n No Violenta puede cambiar nuestros entornos de trabajo"}]},{"@type":"WebSite","@id":"https:\/\/dev.mondoestudio.es\/twiga\/#website","url":"https:\/\/dev.mondoestudio.es\/twiga\/","name":"Twiga Strategy","description":"","publisher":{"@id":"https:\/\/dev.mondoestudio.es\/twiga\/#organization"},"potentialAction":[{"@type":"SearchAction","target":{"@type":"EntryPoint","urlTemplate":"https:\/\/dev.mondoestudio.es\/twiga\/?s={search_term_string}"},"query-input":"required name=search_term_string"}],"inLanguage":"es"},{"@type":"Organization","@id":"https:\/\/dev.mondoestudio.es\/twiga\/#organization","name":"Twiga Strategy","url":"https:\/\/dev.mondoestudio.es\/twiga\/","logo":{"@type":"ImageObject","inLanguage":"es","@id":"https:\/\/dev.mondoestudio.es\/twiga\/#\/schema\/logo\/image\/","url":"https:\/\/dev.mondoestudio.es\/twiga\/wp-content\/uploads\/2024\/03\/Layer_1.png","contentUrl":"https:\/\/dev.mondoestudio.es\/twiga\/wp-content\/uploads\/2024\/03\/Layer_1.png","width":117,"height":80,"caption":"Twiga Strategy"},"image":{"@id":"https:\/\/dev.mondoestudio.es\/twiga\/#\/schema\/logo\/image\/"}},{"@type":"Person","@id":"https:\/\/dev.mondoestudio.es\/twiga\/#\/schema\/person\/58823b3cfb591281663d244f017379a7","name":"mondo","image":{"@type":"ImageObject","inLanguage":"es","@id":"https:\/\/dev.mondoestudio.es\/twiga\/#\/schema\/person\/image\/","url":"https:\/\/secure.gravatar.com\/avatar\/407d20c32e8b48735a147370523640e8af6fdcdb2983ea5492ac1e61543c59d2?s=96&d=mm&r=g","contentUrl":"https:\/\/secure.gravatar.com\/avatar\/407d20c32e8b48735a147370523640e8af6fdcdb2983ea5492ac1e61543c59d2?s=96&d=mm&r=g","caption":"mondo"},"sameAs":["https:\/\/dev.mondoestudio.es\/twiga"],"url":"https:\/\/dev.mondoestudio.es\/twiga\/author\/mondo\/"}]}},"uagb_featured_image_src":{"full":["https:\/\/dev.mondoestudio.es\/twiga\/wp-content\/uploads\/2024\/04\/comunicacion-no-violenta-6.jpg",900,600,false],"thumbnail":["https:\/\/dev.mondoestudio.es\/twiga\/wp-content\/uploads\/2024\/04\/comunicacion-no-violenta-6-150x150.jpg",150,150,true],"medium":["https:\/\/dev.mondoestudio.es\/twiga\/wp-content\/uploads\/2024\/04\/comunicacion-no-violenta-6-300x200.jpg",300,200,true],"medium_large":["https:\/\/dev.mondoestudio.es\/twiga\/wp-content\/uploads\/2024\/04\/comunicacion-no-violenta-6-768x512.jpg",768,512,true],"large":["https:\/\/dev.mondoestudio.es\/twiga\/wp-content\/uploads\/2024\/04\/comunicacion-no-violenta-6.jpg",900,600,false],"1536x1536":["https:\/\/dev.mondoestudio.es\/twiga\/wp-content\/uploads\/2024\/04\/comunicacion-no-violenta-6.jpg",900,600,false],"2048x2048":["https:\/\/dev.mondoestudio.es\/twiga\/wp-content\/uploads\/2024\/04\/comunicacion-no-violenta-6.jpg",900,600,false]},"uagb_author_info":{"display_name":"mondo","author_link":"https:\/\/dev.mondoestudio.es\/twiga\/author\/mondo\/"},"uagb_comment_info":0,"uagb_excerpt":"Descubre c\u00f3mo implementar la comunicaci\u00f3n no violenta en el lugar de trabajo para mejorar las relaciones y la eficiencia. Este [&hellip;]","_links":{"self":[{"href":"https:\/\/dev.mondoestudio.es\/twiga\/wp-json\/wp\/v2\/posts\/4239","targetHints":{"allow":["GET"]}}],"collection":[{"href":"https:\/\/dev.mondoestudio.es\/twiga\/wp-json\/wp\/v2\/posts"}],"about":[{"href":"https:\/\/dev.mondoestudio.es\/twiga\/wp-json\/wp\/v2\/types\/post"}],"author":[{"embeddable":true,"href":"https:\/\/dev.mondoestudio.es\/twiga\/wp-json\/wp\/v2\/users\/1"}],"replies":[{"embeddable":true,"href":"https:\/\/dev.mondoestudio.es\/twiga\/wp-json\/wp\/v2\/comments?post=4239"}],"version-history":[{"count":1,"href":"https:\/\/dev.mondoestudio.es\/twiga\/wp-json\/wp\/v2\/posts\/4239\/revisions"}],"predecessor-version":[{"id":4241,"href":"https:\/\/dev.mondoestudio.es\/twiga\/wp-json\/wp\/v2\/posts\/4239\/revisions\/4241"}],"wp:featuredmedia":[{"embeddable":true,"href":"https:\/\/dev.mondoestudio.es\/twiga\/wp-json\/wp\/v2\/media\/4242"}],"wp:attachment":[{"href":"https:\/\/dev.mondoestudio.es\/twiga\/wp-json\/wp\/v2\/media?parent=4239"}],"wp:term":[{"taxonomy":"category","embeddable":true,"href":"https:\/\/dev.mondoestudio.es\/twiga\/wp-json\/wp\/v2\/categories?post=4239"},{"taxonomy":"post_tag","embeddable":true,"href":"https:\/\/dev.mondoestudio.es\/twiga\/wp-json\/wp\/v2\/tags?post=4239"}],"curies":[{"name":"wp","href":"https:\/\/api.w.org\/{rel}","templated":true}]}}