{"id":4249,"date":"2022-05-06T11:00:00","date_gmt":"2022-05-06T11:00:00","guid":{"rendered":"https:\/\/dev.mondoestudio.es\/twiga\/?p=4249"},"modified":"2024-05-09T11:27:37","modified_gmt":"2024-05-09T11:27:37","slug":"la-paradoja-de-elegir-por-marta-delgado-en-revista-anuncios","status":"publish","type":"post","link":"https:\/\/dev.mondoestudio.es\/twiga\/la-paradoja-de-elegir-por-marta-delgado-en-revista-anuncios\/","title":{"rendered":"La Paradoja de Elegir, por Marta Delgado, en Revista Anuncios"},"content":{"rendered":"\n<p>En la era de la libertad de elecci\u00f3n y la oferta ilimitada se produce la paradoja de que el consumidor termina eligiendo lo que otros consumieron previamente o lo que otros han decidido por \u00e9l que era la mejor elecci\u00f3n. Llevada a un extremo, esta libertad de elecci\u00f3n conduce al efecto contrario: la no elecci\u00f3n.<\/p>\n\n\n\n<p>Si quieres leer el art\u00edculo completo, haz click en el siguiente enlace: <a href=\"https:\/\/dev.mondoestudio.es\/twiga\/wp-content\/uploads\/2024\/05\/la-paradoja-de-elegir-twiga.pdf\">La paradoja de Elegir<\/a><\/p>\n","protected":false},"excerpt":{"rendered":"<p>En la era de la libertad de elecci\u00f3n y la oferta ilimitada se produce la paradoja de que el consumidor [&hellip;]<\/p>\n","protected":false},"author":1,"featured_media":4251,"comment_status":"open","ping_status":"open","sticky":false,"template":"","format":"standard","meta":{"_uag_custom_page_level_css":"","site-sidebar-layout":"default","site-content-layout":"","ast-site-content-layout":"","site-content-style":"default","site-sidebar-style":"default","ast-global-header-display":"","ast-banner-title-visibility":"","ast-main-header-display":"","ast-hfb-above-header-display":"","ast-hfb-below-header-display":"","ast-hfb-mobile-header-display":"","site-post-title":"","ast-breadcrumbs-content":"","ast-featured-img":"","footer-sml-layout":"","theme-transparent-header-meta":"","adv-header-id-meta":"","stick-header-meta":"","header-above-stick-meta":"","header-main-stick-meta":"","header-below-stick-meta":"","astra-migrate-meta-layouts":"default","ast-page-background-enabled":"default","ast-page-background-meta":{"desktop":{"background-color":"var(--ast-global-color-4)","background-image":"","background-repeat":"repeat","background-position":"center center","background-size":"auto","background-attachment":"scroll","background-type":"","background-media":"","overlay-type":"","overlay-color":"","overlay-gradient":""},"tablet":{"background-color":"","background-image":"","background-repeat":"repeat","background-position":"center center","background-size":"auto","background-attachment":"scroll","background-type":"","background-media":"","overlay-type":"","overlay-color":"","overlay-gradient":""},"mobile":{"background-color":"","background-image":"","background-repeat":"repeat","background-position":"center center","background-size":"auto","background-attachment":"scroll","background-type":"","background-media":"","overlay-type":"","overlay-color":"","overlay-gradient":""}},"ast-content-background-meta":{"desktop":{"background-color":"var(--ast-global-color-5)","background-image":"","background-repeat":"repeat","background-position":"center center","background-size":"auto","background-attachment":"scroll","background-type":"","background-media":"","overlay-type":"","overlay-color":"","overlay-gradient":""},"tablet":{"background-color":"var(--ast-global-color-5)","background-image":"","background-repeat":"repeat","background-position":"center center","background-size":"auto","background-attachment":"scroll","background-type":"","background-media":"","overlay-type":"","overlay-color":"","overlay-gradient":""},"mobile":{"background-color":"var(--ast-global-color-5)","background-image":"","background-repeat":"repeat","background-position":"center center","background-size":"auto","background-attachment":"scroll","background-type":"","background-media":"","overlay-type":"","overlay-color":"","overlay-gradient":""}},"footnotes":""},"categories":[1],"tags":[],"class_list":["post-4249","post","type-post","status-publish","format-standard","has-post-thumbnail","hentry","category-negocios"],"yoast_head":"<!-- This site is optimized with the Yoast SEO Premium plugin v20.10 (Yoast SEO v22.6) - https:\/\/yoast.com\/wordpress\/plugins\/seo\/ -->\n<title>La Paradoja de elegir: An\u00e1lisis por Marta Delgado en revista anuncios<\/title>\n<meta name=\"description\" content=\"Marta Delgado explora la paradoja de la elecci\u00f3n en nuestra vida cotidiana y su impacto en la toma de decisiones y bienestar en su \u00faltima publicaci\u00f3n para Revista Anuncios.\" \/>\n<meta name=\"robots\" content=\"noindex, follow, max-snippet:-1, max-image-preview:large, max-video-preview:-1\" \/>\n<meta property=\"og:locale\" content=\"es_ES\" \/>\n<meta property=\"og:type\" content=\"article\" \/>\n<meta property=\"og:title\" content=\"La Paradoja de Elegir, por Marta Delgado, en Revista Anuncios\" \/>\n<meta property=\"og:description\" content=\"Marta Delgado explora la paradoja de la elecci\u00f3n en nuestra vida cotidiana y su impacto en la toma de decisiones y bienestar en su \u00faltima publicaci\u00f3n para Revista Anuncios.\" \/>\n<meta property=\"og:url\" content=\"https:\/\/dev.mondoestudio.es\/twiga\/la-paradoja-de-elegir-por-marta-delgado-en-revista-anuncios\/\" \/>\n<meta property=\"og:site_name\" content=\"Twiga Strategy\" \/>\n<meta property=\"article:published_time\" content=\"2022-05-06T11:00:00+00:00\" \/>\n<meta property=\"article:modified_time\" content=\"2024-05-09T11:27:37+00:00\" \/>\n<meta property=\"og:image\" content=\"https:\/\/dev.mondoestudio.es\/twiga\/wp-content\/uploads\/2024\/05\/revista-anuncios.jpg\" \/>\n\t<meta property=\"og:image:width\" content=\"398\" \/>\n\t<meta property=\"og:image:height\" content=\"556\" \/>\n\t<meta property=\"og:image:type\" content=\"image\/jpeg\" \/>\n<meta name=\"author\" content=\"mondo\" \/>\n<meta name=\"twitter:card\" content=\"summary_large_image\" \/>\n<meta name=\"twitter:label1\" content=\"Escrito por\" \/>\n\t<meta name=\"twitter:data1\" content=\"mondo\" \/>\n\t<meta name=\"twitter:label2\" content=\"Tiempo de lectura\" \/>\n\t<meta name=\"twitter:data2\" content=\"1 minuto\" \/>\n<script type=\"application\/ld+json\" class=\"yoast-schema-graph\">{\"@context\":\"https:\/\/schema.org\",\"@graph\":[{\"@type\":\"Article\",\"@id\":\"https:\/\/dev.mondoestudio.es\/twiga\/la-paradoja-de-elegir-por-marta-delgado-en-revista-anuncios\/#article\",\"isPartOf\":{\"@id\":\"https:\/\/dev.mondoestudio.es\/twiga\/la-paradoja-de-elegir-por-marta-delgado-en-revista-anuncios\/\"},\"author\":{\"name\":\"mondo\",\"@id\":\"https:\/\/dev.mondoestudio.es\/twiga\/#\/schema\/person\/58823b3cfb591281663d244f017379a7\"},\"headline\":\"La Paradoja de Elegir, por Marta Delgado, en Revista Anuncios\",\"datePublished\":\"2022-05-06T11:00:00+00:00\",\"dateModified\":\"2024-05-09T11:27:37+00:00\",\"mainEntityOfPage\":{\"@id\":\"https:\/\/dev.mondoestudio.es\/twiga\/la-paradoja-de-elegir-por-marta-delgado-en-revista-anuncios\/\"},\"wordCount\":86,\"commentCount\":0,\"publisher\":{\"@id\":\"https:\/\/dev.mondoestudio.es\/twiga\/#organization\"},\"image\":{\"@id\":\"https:\/\/dev.mondoestudio.es\/twiga\/la-paradoja-de-elegir-por-marta-delgado-en-revista-anuncios\/#primaryimage\"},\"thumbnailUrl\":\"https:\/\/dev.mondoestudio.es\/twiga\/wp-content\/uploads\/2024\/05\/revista-anuncios.jpg\",\"articleSection\":[\"Negocios\"],\"inLanguage\":\"es\",\"potentialAction\":[{\"@type\":\"CommentAction\",\"name\":\"Comment\",\"target\":[\"https:\/\/dev.mondoestudio.es\/twiga\/la-paradoja-de-elegir-por-marta-delgado-en-revista-anuncios\/#respond\"]}]},{\"@type\":\"WebPage\",\"@id\":\"https:\/\/dev.mondoestudio.es\/twiga\/la-paradoja-de-elegir-por-marta-delgado-en-revista-anuncios\/\",\"url\":\"https:\/\/dev.mondoestudio.es\/twiga\/la-paradoja-de-elegir-por-marta-delgado-en-revista-anuncios\/\",\"name\":\"La Paradoja de elegir: An\u00e1lisis por Marta Delgado en revista anuncios\",\"isPartOf\":{\"@id\":\"https:\/\/dev.mondoestudio.es\/twiga\/#website\"},\"primaryImageOfPage\":{\"@id\":\"https:\/\/dev.mondoestudio.es\/twiga\/la-paradoja-de-elegir-por-marta-delgado-en-revista-anuncios\/#primaryimage\"},\"image\":{\"@id\":\"https:\/\/dev.mondoestudio.es\/twiga\/la-paradoja-de-elegir-por-marta-delgado-en-revista-anuncios\/#primaryimage\"},\"thumbnailUrl\":\"https:\/\/dev.mondoestudio.es\/twiga\/wp-content\/uploads\/2024\/05\/revista-anuncios.jpg\",\"datePublished\":\"2022-05-06T11:00:00+00:00\",\"dateModified\":\"2024-05-09T11:27:37+00:00\",\"description\":\"Marta Delgado explora la paradoja de la elecci\u00f3n en nuestra vida cotidiana y su impacto en la toma de decisiones y bienestar en su \u00faltima publicaci\u00f3n para Revista Anuncios.\",\"breadcrumb\":{\"@id\":\"https:\/\/dev.mondoestudio.es\/twiga\/la-paradoja-de-elegir-por-marta-delgado-en-revista-anuncios\/#breadcrumb\"},\"inLanguage\":\"es\",\"potentialAction\":[{\"@type\":\"ReadAction\",\"target\":[\"https:\/\/dev.mondoestudio.es\/twiga\/la-paradoja-de-elegir-por-marta-delgado-en-revista-anuncios\/\"]}]},{\"@type\":\"ImageObject\",\"inLanguage\":\"es\",\"@id\":\"https:\/\/dev.mondoestudio.es\/twiga\/la-paradoja-de-elegir-por-marta-delgado-en-revista-anuncios\/#primaryimage\",\"url\":\"https:\/\/dev.mondoestudio.es\/twiga\/wp-content\/uploads\/2024\/05\/revista-anuncios.jpg\",\"contentUrl\":\"https:\/\/dev.mondoestudio.es\/twiga\/wp-content\/uploads\/2024\/05\/revista-anuncios.jpg\",\"width\":398,\"height\":556,\"caption\":\"revista anuncios\"},{\"@type\":\"BreadcrumbList\",\"@id\":\"https:\/\/dev.mondoestudio.es\/twiga\/la-paradoja-de-elegir-por-marta-delgado-en-revista-anuncios\/#breadcrumb\",\"itemListElement\":[{\"@type\":\"ListItem\",\"position\":1,\"name\":\"Portada\",\"item\":\"https:\/\/dev.mondoestudio.es\/twiga\/\"},{\"@type\":\"ListItem\",\"position\":2,\"name\":\"La Paradoja de Elegir, por Marta Delgado, en Revista Anuncios\"}]},{\"@type\":\"WebSite\",\"@id\":\"https:\/\/dev.mondoestudio.es\/twiga\/#website\",\"url\":\"https:\/\/dev.mondoestudio.es\/twiga\/\",\"name\":\"Twiga Strategy\",\"description\":\"\",\"publisher\":{\"@id\":\"https:\/\/dev.mondoestudio.es\/twiga\/#organization\"},\"potentialAction\":[{\"@type\":\"SearchAction\",\"target\":{\"@type\":\"EntryPoint\",\"urlTemplate\":\"https:\/\/dev.mondoestudio.es\/twiga\/?s={search_term_string}\"},\"query-input\":\"required name=search_term_string\"}],\"inLanguage\":\"es\"},{\"@type\":\"Organization\",\"@id\":\"https:\/\/dev.mondoestudio.es\/twiga\/#organization\",\"name\":\"Twiga Strategy\",\"url\":\"https:\/\/dev.mondoestudio.es\/twiga\/\",\"logo\":{\"@type\":\"ImageObject\",\"inLanguage\":\"es\",\"@id\":\"https:\/\/dev.mondoestudio.es\/twiga\/#\/schema\/logo\/image\/\",\"url\":\"https:\/\/dev.mondoestudio.es\/twiga\/wp-content\/uploads\/2024\/03\/Layer_1.png\",\"contentUrl\":\"https:\/\/dev.mondoestudio.es\/twiga\/wp-content\/uploads\/2024\/03\/Layer_1.png\",\"width\":117,\"height\":80,\"caption\":\"Twiga Strategy\"},\"image\":{\"@id\":\"https:\/\/dev.mondoestudio.es\/twiga\/#\/schema\/logo\/image\/\"}},{\"@type\":\"Person\",\"@id\":\"https:\/\/dev.mondoestudio.es\/twiga\/#\/schema\/person\/58823b3cfb591281663d244f017379a7\",\"name\":\"mondo\",\"image\":{\"@type\":\"ImageObject\",\"inLanguage\":\"es\",\"@id\":\"https:\/\/dev.mondoestudio.es\/twiga\/#\/schema\/person\/image\/\",\"url\":\"https:\/\/secure.gravatar.com\/avatar\/407d20c32e8b48735a147370523640e8af6fdcdb2983ea5492ac1e61543c59d2?s=96&d=mm&r=g\",\"contentUrl\":\"https:\/\/secure.gravatar.com\/avatar\/407d20c32e8b48735a147370523640e8af6fdcdb2983ea5492ac1e61543c59d2?s=96&d=mm&r=g\",\"caption\":\"mondo\"},\"sameAs\":[\"https:\/\/dev.mondoestudio.es\/twiga\"],\"url\":\"https:\/\/dev.mondoestudio.es\/twiga\/author\/mondo\/\"}]}<\/script>\n<!-- \/ Yoast SEO Premium plugin. -->","yoast_head_json":{"title":"La Paradoja de elegir: An\u00e1lisis por Marta Delgado en revista anuncios","description":"Marta Delgado explora la paradoja de la elecci\u00f3n en nuestra vida cotidiana y su impacto en la toma de decisiones y bienestar en su \u00faltima publicaci\u00f3n para Revista Anuncios.","robots":{"index":"noindex","follow":"follow","max-snippet":"max-snippet:-1","max-image-preview":"max-image-preview:large","max-video-preview":"max-video-preview:-1"},"og_locale":"es_ES","og_type":"article","og_title":"La Paradoja de Elegir, por Marta Delgado, en Revista Anuncios","og_description":"Marta Delgado explora la paradoja de la elecci\u00f3n en nuestra vida cotidiana y su impacto en la toma de decisiones y bienestar en su \u00faltima publicaci\u00f3n para Revista Anuncios.","og_url":"https:\/\/dev.mondoestudio.es\/twiga\/la-paradoja-de-elegir-por-marta-delgado-en-revista-anuncios\/","og_site_name":"Twiga Strategy","article_published_time":"2022-05-06T11:00:00+00:00","article_modified_time":"2024-05-09T11:27:37+00:00","og_image":[{"width":398,"height":556,"url":"https:\/\/dev.mondoestudio.es\/twiga\/wp-content\/uploads\/2024\/05\/revista-anuncios.jpg","type":"image\/jpeg"}],"author":"mondo","twitter_card":"summary_large_image","twitter_misc":{"Escrito por":"mondo","Tiempo de lectura":"1 minuto"},"schema":{"@context":"https:\/\/schema.org","@graph":[{"@type":"Article","@id":"https:\/\/dev.mondoestudio.es\/twiga\/la-paradoja-de-elegir-por-marta-delgado-en-revista-anuncios\/#article","isPartOf":{"@id":"https:\/\/dev.mondoestudio.es\/twiga\/la-paradoja-de-elegir-por-marta-delgado-en-revista-anuncios\/"},"author":{"name":"mondo","@id":"https:\/\/dev.mondoestudio.es\/twiga\/#\/schema\/person\/58823b3cfb591281663d244f017379a7"},"headline":"La Paradoja de Elegir, por Marta Delgado, en Revista Anuncios","datePublished":"2022-05-06T11:00:00+00:00","dateModified":"2024-05-09T11:27:37+00:00","mainEntityOfPage":{"@id":"https:\/\/dev.mondoestudio.es\/twiga\/la-paradoja-de-elegir-por-marta-delgado-en-revista-anuncios\/"},"wordCount":86,"commentCount":0,"publisher":{"@id":"https:\/\/dev.mondoestudio.es\/twiga\/#organization"},"image":{"@id":"https:\/\/dev.mondoestudio.es\/twiga\/la-paradoja-de-elegir-por-marta-delgado-en-revista-anuncios\/#primaryimage"},"thumbnailUrl":"https:\/\/dev.mondoestudio.es\/twiga\/wp-content\/uploads\/2024\/05\/revista-anuncios.jpg","articleSection":["Negocios"],"inLanguage":"es","potentialAction":[{"@type":"CommentAction","name":"Comment","target":["https:\/\/dev.mondoestudio.es\/twiga\/la-paradoja-de-elegir-por-marta-delgado-en-revista-anuncios\/#respond"]}]},{"@type":"WebPage","@id":"https:\/\/dev.mondoestudio.es\/twiga\/la-paradoja-de-elegir-por-marta-delgado-en-revista-anuncios\/","url":"https:\/\/dev.mondoestudio.es\/twiga\/la-paradoja-de-elegir-por-marta-delgado-en-revista-anuncios\/","name":"La Paradoja de elegir: An\u00e1lisis por Marta Delgado en revista anuncios","isPartOf":{"@id":"https:\/\/dev.mondoestudio.es\/twiga\/#website"},"primaryImageOfPage":{"@id":"https:\/\/dev.mondoestudio.es\/twiga\/la-paradoja-de-elegir-por-marta-delgado-en-revista-anuncios\/#primaryimage"},"image":{"@id":"https:\/\/dev.mondoestudio.es\/twiga\/la-paradoja-de-elegir-por-marta-delgado-en-revista-anuncios\/#primaryimage"},"thumbnailUrl":"https:\/\/dev.mondoestudio.es\/twiga\/wp-content\/uploads\/2024\/05\/revista-anuncios.jpg","datePublished":"2022-05-06T11:00:00+00:00","dateModified":"2024-05-09T11:27:37+00:00","description":"Marta Delgado explora la paradoja de la elecci\u00f3n en nuestra vida cotidiana y su impacto en la toma de decisiones y bienestar en su \u00faltima publicaci\u00f3n para Revista Anuncios.","breadcrumb":{"@id":"https:\/\/dev.mondoestudio.es\/twiga\/la-paradoja-de-elegir-por-marta-delgado-en-revista-anuncios\/#breadcrumb"},"inLanguage":"es","potentialAction":[{"@type":"ReadAction","target":["https:\/\/dev.mondoestudio.es\/twiga\/la-paradoja-de-elegir-por-marta-delgado-en-revista-anuncios\/"]}]},{"@type":"ImageObject","inLanguage":"es","@id":"https:\/\/dev.mondoestudio.es\/twiga\/la-paradoja-de-elegir-por-marta-delgado-en-revista-anuncios\/#primaryimage","url":"https:\/\/dev.mondoestudio.es\/twiga\/wp-content\/uploads\/2024\/05\/revista-anuncios.jpg","contentUrl":"https:\/\/dev.mondoestudio.es\/twiga\/wp-content\/uploads\/2024\/05\/revista-anuncios.jpg","width":398,"height":556,"caption":"revista anuncios"},{"@type":"BreadcrumbList","@id":"https:\/\/dev.mondoestudio.es\/twiga\/la-paradoja-de-elegir-por-marta-delgado-en-revista-anuncios\/#breadcrumb","itemListElement":[{"@type":"ListItem","position":1,"name":"Portada","item":"https:\/\/dev.mondoestudio.es\/twiga\/"},{"@type":"ListItem","position":2,"name":"La Paradoja de Elegir, por Marta Delgado, en Revista Anuncios"}]},{"@type":"WebSite","@id":"https:\/\/dev.mondoestudio.es\/twiga\/#website","url":"https:\/\/dev.mondoestudio.es\/twiga\/","name":"Twiga Strategy","description":"","publisher":{"@id":"https:\/\/dev.mondoestudio.es\/twiga\/#organization"},"potentialAction":[{"@type":"SearchAction","target":{"@type":"EntryPoint","urlTemplate":"https:\/\/dev.mondoestudio.es\/twiga\/?s={search_term_string}"},"query-input":"required name=search_term_string"}],"inLanguage":"es"},{"@type":"Organization","@id":"https:\/\/dev.mondoestudio.es\/twiga\/#organization","name":"Twiga Strategy","url":"https:\/\/dev.mondoestudio.es\/twiga\/","logo":{"@type":"ImageObject","inLanguage":"es","@id":"https:\/\/dev.mondoestudio.es\/twiga\/#\/schema\/logo\/image\/","url":"https:\/\/dev.mondoestudio.es\/twiga\/wp-content\/uploads\/2024\/03\/Layer_1.png","contentUrl":"https:\/\/dev.mondoestudio.es\/twiga\/wp-content\/uploads\/2024\/03\/Layer_1.png","width":117,"height":80,"caption":"Twiga Strategy"},"image":{"@id":"https:\/\/dev.mondoestudio.es\/twiga\/#\/schema\/logo\/image\/"}},{"@type":"Person","@id":"https:\/\/dev.mondoestudio.es\/twiga\/#\/schema\/person\/58823b3cfb591281663d244f017379a7","name":"mondo","image":{"@type":"ImageObject","inLanguage":"es","@id":"https:\/\/dev.mondoestudio.es\/twiga\/#\/schema\/person\/image\/","url":"https:\/\/secure.gravatar.com\/avatar\/407d20c32e8b48735a147370523640e8af6fdcdb2983ea5492ac1e61543c59d2?s=96&d=mm&r=g","contentUrl":"https:\/\/secure.gravatar.com\/avatar\/407d20c32e8b48735a147370523640e8af6fdcdb2983ea5492ac1e61543c59d2?s=96&d=mm&r=g","caption":"mondo"},"sameAs":["https:\/\/dev.mondoestudio.es\/twiga"],"url":"https:\/\/dev.mondoestudio.es\/twiga\/author\/mondo\/"}]}},"uagb_featured_image_src":{"full":["https:\/\/dev.mondoestudio.es\/twiga\/wp-content\/uploads\/2024\/05\/revista-anuncios.jpg",398,556,false],"thumbnail":["https:\/\/dev.mondoestudio.es\/twiga\/wp-content\/uploads\/2024\/05\/revista-anuncios-150x150.jpg",150,150,true],"medium":["https:\/\/dev.mondoestudio.es\/twiga\/wp-content\/uploads\/2024\/05\/revista-anuncios-215x300.jpg",215,300,true],"medium_large":["https:\/\/dev.mondoestudio.es\/twiga\/wp-content\/uploads\/2024\/05\/revista-anuncios.jpg",398,556,false],"large":["https:\/\/dev.mondoestudio.es\/twiga\/wp-content\/uploads\/2024\/05\/revista-anuncios.jpg",398,556,false],"1536x1536":["https:\/\/dev.mondoestudio.es\/twiga\/wp-content\/uploads\/2024\/05\/revista-anuncios.jpg",398,556,false],"2048x2048":["https:\/\/dev.mondoestudio.es\/twiga\/wp-content\/uploads\/2024\/05\/revista-anuncios.jpg",398,556,false]},"uagb_author_info":{"display_name":"mondo","author_link":"https:\/\/dev.mondoestudio.es\/twiga\/author\/mondo\/"},"uagb_comment_info":0,"uagb_excerpt":"En la era de la libertad de elecci\u00f3n y la oferta ilimitada se produce la paradoja de que el consumidor [&hellip;]","_links":{"self":[{"href":"https:\/\/dev.mondoestudio.es\/twiga\/wp-json\/wp\/v2\/posts\/4249","targetHints":{"allow":["GET"]}}],"collection":[{"href":"https:\/\/dev.mondoestudio.es\/twiga\/wp-json\/wp\/v2\/posts"}],"about":[{"href":"https:\/\/dev.mondoestudio.es\/twiga\/wp-json\/wp\/v2\/types\/post"}],"author":[{"embeddable":true,"href":"https:\/\/dev.mondoestudio.es\/twiga\/wp-json\/wp\/v2\/users\/1"}],"replies":[{"embeddable":true,"href":"https:\/\/dev.mondoestudio.es\/twiga\/wp-json\/wp\/v2\/comments?post=4249"}],"version-history":[{"count":2,"href":"https:\/\/dev.mondoestudio.es\/twiga\/wp-json\/wp\/v2\/posts\/4249\/revisions"}],"predecessor-version":[{"id":4254,"href":"https:\/\/dev.mondoestudio.es\/twiga\/wp-json\/wp\/v2\/posts\/4249\/revisions\/4254"}],"wp:featuredmedia":[{"embeddable":true,"href":"https:\/\/dev.mondoestudio.es\/twiga\/wp-json\/wp\/v2\/media\/4251"}],"wp:attachment":[{"href":"https:\/\/dev.mondoestudio.es\/twiga\/wp-json\/wp\/v2\/media?parent=4249"}],"wp:term":[{"taxonomy":"category","embeddable":true,"href":"https:\/\/dev.mondoestudio.es\/twiga\/wp-json\/wp\/v2\/categories?post=4249"},{"taxonomy":"post_tag","embeddable":true,"href":"https:\/\/dev.mondoestudio.es\/twiga\/wp-json\/wp\/v2\/tags?post=4249"}],"curies":[{"name":"wp","href":"https:\/\/api.w.org\/{rel}","templated":true}]}}