{"id":822,"date":"2023-09-25T17:49:09","date_gmt":"2023-09-25T17:49:09","guid":{"rendered":"https:\/\/dev.mondoestudio.es\/twiga\/?p=822"},"modified":"2024-04-28T12:57:51","modified_gmt":"2024-04-28T12:57:51","slug":"cuidado-con-las-palabras-las-carga-el-diablo","status":"publish","type":"post","link":"https:\/\/dev.mondoestudio.es\/twiga\/cuidado-con-las-palabras-las-carga-el-diablo\/","title":{"rendered":"EL PA\u00cdS, NEGOCIOS, Cuidado con las palabras, las carga el diablo"},"content":{"rendered":"\n<h2 class=\"wp-block-heading\" id=\"h-las-empresas-promueven-la-comunicacion-no-violenta-para-evitar-conflictos-realizar-evaluaciones-de-desempeno-y-mejorar-la-motivacion\">Las empresas promueven la comunicaci\u00f3n no violenta para evitar conflictos, realizar evaluaciones de desempe\u00f1o y mejorar la motivaci\u00f3n<\/h2>\n\n\n\n<figure class=\"wp-block-image size-large\"><img loading=\"lazy\" decoding=\"async\" width=\"1024\" height=\"684\" src=\"https:\/\/dev.mondoestudio.es\/twiga\/wp-content\/uploads\/2024\/03\/6RF2Y7FVRJC2THU5DY2VZY4I64-1024x684.webp\" alt=\"\" class=\"wp-image-824\" srcset=\"https:\/\/dev.mondoestudio.es\/twiga\/wp-content\/uploads\/2024\/03\/6RF2Y7FVRJC2THU5DY2VZY4I64-1024x684.webp 1024w, https:\/\/dev.mondoestudio.es\/twiga\/wp-content\/uploads\/2024\/03\/6RF2Y7FVRJC2THU5DY2VZY4I64-300x200.webp 300w, https:\/\/dev.mondoestudio.es\/twiga\/wp-content\/uploads\/2024\/03\/6RF2Y7FVRJC2THU5DY2VZY4I64-768x513.webp 768w, https:\/\/dev.mondoestudio.es\/twiga\/wp-content\/uploads\/2024\/03\/6RF2Y7FVRJC2THU5DY2VZY4I64.webp 1200w\" sizes=\"auto, (max-width: 1024px) 100vw, 1024px\" \/><\/figure>\n\n\n\n<p style=\"line-height:1.5\">Palabras. F\u00e1ciles de pronunciar. Sencillas de malinterpretar. Y el conflicto laboral est\u00e1 servido. Los ejemplos son muchos. Los responsables del departamento comercial y el de calidad se han enfrentado a causa de un cliente insatisfecho. No se hablan, pero se ponen la zancadilla todo lo que pueden, ocult\u00e1ndose informaci\u00f3n. Sus equipos se han dado cuenta y se han posicionado en dos bandos, lo que deriva en una desconfianza brutal y una gesti\u00f3n interdepartamental imposible que penaliza a la compa\u00f1\u00eda. Un ingeniero joven da la orden. Es claro y conciso. S\u00f3lo dice lo que hay que hacer, no el por qu\u00e9 ni el para qu\u00e9, lo que a ojos de sus subordinados le convierte en una persona arrogante y sin empat\u00eda, de la que se apartan por sus nulas habilidades de comunicaci\u00f3n y su incapacidad para involucrarles en la tarea. Un directivo bregado que, a pesar de sus a\u00f1os de experiencia, a\u00fan no ha conseguido dar feedback negativo a sus colaboradores sin resultar hiriente y el resultado es que ellos se resienten y su implicaci\u00f3n se va al traste.<br><br>El lenguaje violento est\u00e1 a la orden del d\u00eda en las oficinas. Aunque nos cueste reconocerlo. Aunque las empresas no quieran verlo. \u201cEl desgaste que generan los roces, malentendidos y conflictos expl\u00edcitos o soterrados del d\u00eda a d\u00eda supone una p\u00e9rdida de recursos que se traduce en desmotivaci\u00f3n, desconfianza y falta de implicaci\u00f3n\u201d, sostiene la soci\u00f3loga y experta en resoluci\u00f3n de conflictos Marta Delgado. Ella es coautora del libro La comunicaci\u00f3n no violenta en el trabajo (Acanto), que acaba de publicarse, y con el que promueve la comunicaci\u00f3n no violenta (CNV) o colaborativa, una metodolog\u00eda desarrollada por el psic\u00f3logo estadounidense Marshall Rosenberg en los a\u00f1os setenta del pasado siglo; un modelo f\u00e1cilmente aplicable con el que abordar estos conflictos, tratar de que todos los implicados queden satisfechos y desarrollar as\u00ed sistemas de gesti\u00f3n mucho m\u00e1s motivadores y colaborativos, asegura.<br><br><a href=\"https:\/\/elpais.com\/economia\/negocios\/2023-09-25\/cuidado-con-las-palabras-las-carga-el-diablo.html#\">Segu<\/a><a href=\"https:\/\/dev.mondoestudio.es\/twiga\/wp-content\/uploads\/2024\/04\/Cuidado-con-las-palabras-las-carga-el-diablo-_-Negocios-_-EL-PAIS.pdf\" target=\"_blank\" rel=\"noreferrer noopener\">ir leyendo<\/a><\/p>\n","protected":false},"excerpt":{"rendered":"<p>Las empresas promueven la comunicaci\u00f3n no violenta para evitar conflictos, realizar evaluaciones de desempe\u00f1o y mejorar la motivaci\u00f3n.<\/p>\n","protected":false},"author":1,"featured_media":824,"comment_status":"closed","ping_status":"closed","sticky":false,"template":"","format":"standard","meta":{"_uag_custom_page_level_css":"","site-sidebar-layout":"default","site-content-layout":"","ast-site-content-layout":"normal-width-container","site-content-style":"boxed","site-sidebar-style":"default","ast-global-header-display":"","ast-banner-title-visibility":"","ast-main-header-display":"","ast-hfb-above-header-display":"","ast-hfb-below-header-display":"","ast-hfb-mobile-header-display":"","site-post-title":"","ast-breadcrumbs-content":"","ast-featured-img":"","footer-sml-layout":"","theme-transparent-header-meta":"","adv-header-id-meta":"","stick-header-meta":"","header-above-stick-meta":"","header-main-stick-meta":"","header-below-stick-meta":"","astra-migrate-meta-layouts":"default","ast-page-background-enabled":"default","ast-page-background-meta":{"desktop":{"background-color":"var(--ast-global-color-4)","background-image":"","background-repeat":"repeat","background-position":"center center","background-size":"auto","background-attachment":"scroll","background-type":"","background-media":"","overlay-type":"","overlay-color":"","overlay-gradient":""},"tablet":{"background-color":"","background-image":"","background-repeat":"repeat","background-position":"center center","background-size":"auto","background-attachment":"scroll","background-type":"","background-media":"","overlay-type":"","overlay-color":"","overlay-gradient":""},"mobile":{"background-color":"","background-image":"","background-repeat":"repeat","background-position":"center center","background-size":"auto","background-attachment":"scroll","background-type":"","background-media":"","overlay-type":"","overlay-color":"","overlay-gradient":""}},"ast-content-background-meta":{"desktop":{"background-color":"var(--ast-global-color-5)","background-image":"","background-repeat":"repeat","background-position":"center center","background-size":"auto","background-attachment":"scroll","background-type":"","background-media":"","overlay-type":"","overlay-color":"","overlay-gradient":""},"tablet":{"background-color":"var(--ast-global-color-5)","background-image":"","background-repeat":"repeat","background-position":"center center","background-size":"auto","background-attachment":"scroll","background-type":"","background-media":"","overlay-type":"","overlay-color":"","overlay-gradient":""},"mobile":{"background-color":"var(--ast-global-color-5)","background-image":"","background-repeat":"repeat","background-position":"center center","background-size":"auto","background-attachment":"scroll","background-type":"","background-media":"","overlay-type":"","overlay-color":"","overlay-gradient":""}},"footnotes":""},"categories":[1],"tags":[],"class_list":["post-822","post","type-post","status-publish","format-standard","has-post-thumbnail","hentry","category-negocios"],"yoast_head":"<!-- This site is optimized with the Yoast SEO Premium plugin v20.10 (Yoast SEO v22.6) - https:\/\/yoast.com\/wordpress\/plugins\/seo\/ -->\n<title>EL PA\u00cdS, NEGOCIOS, Cuidado con las palabras, las carga el diablo - Twiga Strategy<\/title>\n<meta name=\"robots\" content=\"noindex, follow, max-snippet:-1, max-image-preview:large, max-video-preview:-1\" \/>\n<meta property=\"og:locale\" content=\"es_ES\" \/>\n<meta property=\"og:type\" content=\"article\" \/>\n<meta property=\"og:title\" content=\"EL PA\u00cdS, NEGOCIOS, Cuidado con las palabras, las carga el diablo\" \/>\n<meta property=\"og:description\" content=\"Las empresas promueven la comunicaci\u00f3n no violenta para evitar conflictos, realizar evaluaciones de desempe\u00f1o y mejorar la motivaci\u00f3n.\" \/>\n<meta property=\"og:url\" content=\"https:\/\/dev.mondoestudio.es\/twiga\/cuidado-con-las-palabras-las-carga-el-diablo\/\" \/>\n<meta property=\"og:site_name\" content=\"Twiga Strategy\" \/>\n<meta property=\"article:published_time\" content=\"2023-09-25T17:49:09+00:00\" \/>\n<meta property=\"article:modified_time\" content=\"2024-04-28T12:57:51+00:00\" \/>\n<meta property=\"og:image\" content=\"https:\/\/dev.mondoestudio.es\/twiga\/wp-content\/uploads\/2024\/03\/6RF2Y7FVRJC2THU5DY2VZY4I64.webp\" \/>\n\t<meta property=\"og:image:width\" content=\"1200\" \/>\n\t<meta property=\"og:image:height\" content=\"801\" \/>\n\t<meta property=\"og:image:type\" content=\"image\/webp\" \/>\n<meta name=\"author\" content=\"mondo\" \/>\n<meta name=\"twitter:card\" content=\"summary_large_image\" \/>\n<meta name=\"twitter:label1\" content=\"Escrito por\" \/>\n\t<meta name=\"twitter:data1\" content=\"mondo\" \/>\n\t<meta name=\"twitter:label2\" content=\"Tiempo de lectura\" \/>\n\t<meta name=\"twitter:data2\" content=\"2 minutos\" \/>\n<script type=\"application\/ld+json\" class=\"yoast-schema-graph\">{\"@context\":\"https:\/\/schema.org\",\"@graph\":[{\"@type\":\"Article\",\"@id\":\"https:\/\/dev.mondoestudio.es\/twiga\/cuidado-con-las-palabras-las-carga-el-diablo\/#article\",\"isPartOf\":{\"@id\":\"https:\/\/dev.mondoestudio.es\/twiga\/cuidado-con-las-palabras-las-carga-el-diablo\/\"},\"author\":{\"name\":\"mondo\",\"@id\":\"https:\/\/dev.mondoestudio.es\/twiga\/#\/schema\/person\/58823b3cfb591281663d244f017379a7\"},\"headline\":\"EL PA\u00cdS, NEGOCIOS, Cuidado con las palabras, las carga el diablo\",\"datePublished\":\"2023-09-25T17:49:09+00:00\",\"dateModified\":\"2024-04-28T12:57:51+00:00\",\"mainEntityOfPage\":{\"@id\":\"https:\/\/dev.mondoestudio.es\/twiga\/cuidado-con-las-palabras-las-carga-el-diablo\/\"},\"wordCount\":381,\"publisher\":{\"@id\":\"https:\/\/dev.mondoestudio.es\/twiga\/#organization\"},\"image\":{\"@id\":\"https:\/\/dev.mondoestudio.es\/twiga\/cuidado-con-las-palabras-las-carga-el-diablo\/#primaryimage\"},\"thumbnailUrl\":\"https:\/\/dev.mondoestudio.es\/twiga\/wp-content\/uploads\/2024\/03\/6RF2Y7FVRJC2THU5DY2VZY4I64.webp\",\"articleSection\":[\"Negocios\"],\"inLanguage\":\"es\"},{\"@type\":\"WebPage\",\"@id\":\"https:\/\/dev.mondoestudio.es\/twiga\/cuidado-con-las-palabras-las-carga-el-diablo\/\",\"url\":\"https:\/\/dev.mondoestudio.es\/twiga\/cuidado-con-las-palabras-las-carga-el-diablo\/\",\"name\":\"EL PA\u00cdS, NEGOCIOS, Cuidado con las palabras, las carga el diablo - Twiga Strategy\",\"isPartOf\":{\"@id\":\"https:\/\/dev.mondoestudio.es\/twiga\/#website\"},\"primaryImageOfPage\":{\"@id\":\"https:\/\/dev.mondoestudio.es\/twiga\/cuidado-con-las-palabras-las-carga-el-diablo\/#primaryimage\"},\"image\":{\"@id\":\"https:\/\/dev.mondoestudio.es\/twiga\/cuidado-con-las-palabras-las-carga-el-diablo\/#primaryimage\"},\"thumbnailUrl\":\"https:\/\/dev.mondoestudio.es\/twiga\/wp-content\/uploads\/2024\/03\/6RF2Y7FVRJC2THU5DY2VZY4I64.webp\",\"datePublished\":\"2023-09-25T17:49:09+00:00\",\"dateModified\":\"2024-04-28T12:57:51+00:00\",\"breadcrumb\":{\"@id\":\"https:\/\/dev.mondoestudio.es\/twiga\/cuidado-con-las-palabras-las-carga-el-diablo\/#breadcrumb\"},\"inLanguage\":\"es\",\"potentialAction\":[{\"@type\":\"ReadAction\",\"target\":[\"https:\/\/dev.mondoestudio.es\/twiga\/cuidado-con-las-palabras-las-carga-el-diablo\/\"]}]},{\"@type\":\"ImageObject\",\"inLanguage\":\"es\",\"@id\":\"https:\/\/dev.mondoestudio.es\/twiga\/cuidado-con-las-palabras-las-carga-el-diablo\/#primaryimage\",\"url\":\"https:\/\/dev.mondoestudio.es\/twiga\/wp-content\/uploads\/2024\/03\/6RF2Y7FVRJC2THU5DY2VZY4I64.webp\",\"contentUrl\":\"https:\/\/dev.mondoestudio.es\/twiga\/wp-content\/uploads\/2024\/03\/6RF2Y7FVRJC2THU5DY2VZY4I64.webp\",\"width\":1200,\"height\":801,\"caption\":\"Dos trabajadores de la planta de Airbus en Getafe (Madrid). La compa\u00f1\u00eda utiliza en sus talleres de formaci\u00f3n las t\u00e9cnicas de la comunicaci\u00f3n no violenta. GONZALO CASES (AIRBUS)\"},{\"@type\":\"BreadcrumbList\",\"@id\":\"https:\/\/dev.mondoestudio.es\/twiga\/cuidado-con-las-palabras-las-carga-el-diablo\/#breadcrumb\",\"itemListElement\":[{\"@type\":\"ListItem\",\"position\":1,\"name\":\"Portada\",\"item\":\"https:\/\/dev.mondoestudio.es\/twiga\/\"},{\"@type\":\"ListItem\",\"position\":2,\"name\":\"EL PA\u00cdS, NEGOCIOS, Cuidado con las palabras, las carga el diablo\"}]},{\"@type\":\"WebSite\",\"@id\":\"https:\/\/dev.mondoestudio.es\/twiga\/#website\",\"url\":\"https:\/\/dev.mondoestudio.es\/twiga\/\",\"name\":\"Twiga Strategy\",\"description\":\"\",\"publisher\":{\"@id\":\"https:\/\/dev.mondoestudio.es\/twiga\/#organization\"},\"potentialAction\":[{\"@type\":\"SearchAction\",\"target\":{\"@type\":\"EntryPoint\",\"urlTemplate\":\"https:\/\/dev.mondoestudio.es\/twiga\/?s={search_term_string}\"},\"query-input\":\"required name=search_term_string\"}],\"inLanguage\":\"es\"},{\"@type\":\"Organization\",\"@id\":\"https:\/\/dev.mondoestudio.es\/twiga\/#organization\",\"name\":\"Twiga Strategy\",\"url\":\"https:\/\/dev.mondoestudio.es\/twiga\/\",\"logo\":{\"@type\":\"ImageObject\",\"inLanguage\":\"es\",\"@id\":\"https:\/\/dev.mondoestudio.es\/twiga\/#\/schema\/logo\/image\/\",\"url\":\"https:\/\/dev.mondoestudio.es\/twiga\/wp-content\/uploads\/2024\/03\/Layer_1.png\",\"contentUrl\":\"https:\/\/dev.mondoestudio.es\/twiga\/wp-content\/uploads\/2024\/03\/Layer_1.png\",\"width\":117,\"height\":80,\"caption\":\"Twiga Strategy\"},\"image\":{\"@id\":\"https:\/\/dev.mondoestudio.es\/twiga\/#\/schema\/logo\/image\/\"}},{\"@type\":\"Person\",\"@id\":\"https:\/\/dev.mondoestudio.es\/twiga\/#\/schema\/person\/58823b3cfb591281663d244f017379a7\",\"name\":\"mondo\",\"image\":{\"@type\":\"ImageObject\",\"inLanguage\":\"es\",\"@id\":\"https:\/\/dev.mondoestudio.es\/twiga\/#\/schema\/person\/image\/\",\"url\":\"https:\/\/secure.gravatar.com\/avatar\/407d20c32e8b48735a147370523640e8af6fdcdb2983ea5492ac1e61543c59d2?s=96&d=mm&r=g\",\"contentUrl\":\"https:\/\/secure.gravatar.com\/avatar\/407d20c32e8b48735a147370523640e8af6fdcdb2983ea5492ac1e61543c59d2?s=96&d=mm&r=g\",\"caption\":\"mondo\"},\"sameAs\":[\"https:\/\/dev.mondoestudio.es\/twiga\"],\"url\":\"https:\/\/dev.mondoestudio.es\/twiga\/author\/mondo\/\"}]}<\/script>\n<!-- \/ Yoast SEO Premium plugin. -->","yoast_head_json":{"title":"EL PA\u00cdS, NEGOCIOS, Cuidado con las palabras, las carga el diablo - Twiga Strategy","robots":{"index":"noindex","follow":"follow","max-snippet":"max-snippet:-1","max-image-preview":"max-image-preview:large","max-video-preview":"max-video-preview:-1"},"og_locale":"es_ES","og_type":"article","og_title":"EL PA\u00cdS, NEGOCIOS, Cuidado con las palabras, las carga el diablo","og_description":"Las empresas promueven la comunicaci\u00f3n no violenta para evitar conflictos, realizar evaluaciones de desempe\u00f1o y mejorar la motivaci\u00f3n.","og_url":"https:\/\/dev.mondoestudio.es\/twiga\/cuidado-con-las-palabras-las-carga-el-diablo\/","og_site_name":"Twiga Strategy","article_published_time":"2023-09-25T17:49:09+00:00","article_modified_time":"2024-04-28T12:57:51+00:00","og_image":[{"width":1200,"height":801,"url":"https:\/\/dev.mondoestudio.es\/twiga\/wp-content\/uploads\/2024\/03\/6RF2Y7FVRJC2THU5DY2VZY4I64.webp","type":"image\/webp"}],"author":"mondo","twitter_card":"summary_large_image","twitter_misc":{"Escrito por":"mondo","Tiempo de lectura":"2 minutos"},"schema":{"@context":"https:\/\/schema.org","@graph":[{"@type":"Article","@id":"https:\/\/dev.mondoestudio.es\/twiga\/cuidado-con-las-palabras-las-carga-el-diablo\/#article","isPartOf":{"@id":"https:\/\/dev.mondoestudio.es\/twiga\/cuidado-con-las-palabras-las-carga-el-diablo\/"},"author":{"name":"mondo","@id":"https:\/\/dev.mondoestudio.es\/twiga\/#\/schema\/person\/58823b3cfb591281663d244f017379a7"},"headline":"EL PA\u00cdS, NEGOCIOS, Cuidado con las palabras, las carga el diablo","datePublished":"2023-09-25T17:49:09+00:00","dateModified":"2024-04-28T12:57:51+00:00","mainEntityOfPage":{"@id":"https:\/\/dev.mondoestudio.es\/twiga\/cuidado-con-las-palabras-las-carga-el-diablo\/"},"wordCount":381,"publisher":{"@id":"https:\/\/dev.mondoestudio.es\/twiga\/#organization"},"image":{"@id":"https:\/\/dev.mondoestudio.es\/twiga\/cuidado-con-las-palabras-las-carga-el-diablo\/#primaryimage"},"thumbnailUrl":"https:\/\/dev.mondoestudio.es\/twiga\/wp-content\/uploads\/2024\/03\/6RF2Y7FVRJC2THU5DY2VZY4I64.webp","articleSection":["Negocios"],"inLanguage":"es"},{"@type":"WebPage","@id":"https:\/\/dev.mondoestudio.es\/twiga\/cuidado-con-las-palabras-las-carga-el-diablo\/","url":"https:\/\/dev.mondoestudio.es\/twiga\/cuidado-con-las-palabras-las-carga-el-diablo\/","name":"EL PA\u00cdS, NEGOCIOS, Cuidado con las palabras, las carga el diablo - Twiga Strategy","isPartOf":{"@id":"https:\/\/dev.mondoestudio.es\/twiga\/#website"},"primaryImageOfPage":{"@id":"https:\/\/dev.mondoestudio.es\/twiga\/cuidado-con-las-palabras-las-carga-el-diablo\/#primaryimage"},"image":{"@id":"https:\/\/dev.mondoestudio.es\/twiga\/cuidado-con-las-palabras-las-carga-el-diablo\/#primaryimage"},"thumbnailUrl":"https:\/\/dev.mondoestudio.es\/twiga\/wp-content\/uploads\/2024\/03\/6RF2Y7FVRJC2THU5DY2VZY4I64.webp","datePublished":"2023-09-25T17:49:09+00:00","dateModified":"2024-04-28T12:57:51+00:00","breadcrumb":{"@id":"https:\/\/dev.mondoestudio.es\/twiga\/cuidado-con-las-palabras-las-carga-el-diablo\/#breadcrumb"},"inLanguage":"es","potentialAction":[{"@type":"ReadAction","target":["https:\/\/dev.mondoestudio.es\/twiga\/cuidado-con-las-palabras-las-carga-el-diablo\/"]}]},{"@type":"ImageObject","inLanguage":"es","@id":"https:\/\/dev.mondoestudio.es\/twiga\/cuidado-con-las-palabras-las-carga-el-diablo\/#primaryimage","url":"https:\/\/dev.mondoestudio.es\/twiga\/wp-content\/uploads\/2024\/03\/6RF2Y7FVRJC2THU5DY2VZY4I64.webp","contentUrl":"https:\/\/dev.mondoestudio.es\/twiga\/wp-content\/uploads\/2024\/03\/6RF2Y7FVRJC2THU5DY2VZY4I64.webp","width":1200,"height":801,"caption":"Dos trabajadores de la planta de Airbus en Getafe (Madrid). La compa\u00f1\u00eda utiliza en sus talleres de formaci\u00f3n las t\u00e9cnicas de la comunicaci\u00f3n no violenta. GONZALO CASES (AIRBUS)"},{"@type":"BreadcrumbList","@id":"https:\/\/dev.mondoestudio.es\/twiga\/cuidado-con-las-palabras-las-carga-el-diablo\/#breadcrumb","itemListElement":[{"@type":"ListItem","position":1,"name":"Portada","item":"https:\/\/dev.mondoestudio.es\/twiga\/"},{"@type":"ListItem","position":2,"name":"EL PA\u00cdS, NEGOCIOS, Cuidado con las palabras, las carga el diablo"}]},{"@type":"WebSite","@id":"https:\/\/dev.mondoestudio.es\/twiga\/#website","url":"https:\/\/dev.mondoestudio.es\/twiga\/","name":"Twiga Strategy","description":"","publisher":{"@id":"https:\/\/dev.mondoestudio.es\/twiga\/#organization"},"potentialAction":[{"@type":"SearchAction","target":{"@type":"EntryPoint","urlTemplate":"https:\/\/dev.mondoestudio.es\/twiga\/?s={search_term_string}"},"query-input":"required name=search_term_string"}],"inLanguage":"es"},{"@type":"Organization","@id":"https:\/\/dev.mondoestudio.es\/twiga\/#organization","name":"Twiga Strategy","url":"https:\/\/dev.mondoestudio.es\/twiga\/","logo":{"@type":"ImageObject","inLanguage":"es","@id":"https:\/\/dev.mondoestudio.es\/twiga\/#\/schema\/logo\/image\/","url":"https:\/\/dev.mondoestudio.es\/twiga\/wp-content\/uploads\/2024\/03\/Layer_1.png","contentUrl":"https:\/\/dev.mondoestudio.es\/twiga\/wp-content\/uploads\/2024\/03\/Layer_1.png","width":117,"height":80,"caption":"Twiga Strategy"},"image":{"@id":"https:\/\/dev.mondoestudio.es\/twiga\/#\/schema\/logo\/image\/"}},{"@type":"Person","@id":"https:\/\/dev.mondoestudio.es\/twiga\/#\/schema\/person\/58823b3cfb591281663d244f017379a7","name":"mondo","image":{"@type":"ImageObject","inLanguage":"es","@id":"https:\/\/dev.mondoestudio.es\/twiga\/#\/schema\/person\/image\/","url":"https:\/\/secure.gravatar.com\/avatar\/407d20c32e8b48735a147370523640e8af6fdcdb2983ea5492ac1e61543c59d2?s=96&d=mm&r=g","contentUrl":"https:\/\/secure.gravatar.com\/avatar\/407d20c32e8b48735a147370523640e8af6fdcdb2983ea5492ac1e61543c59d2?s=96&d=mm&r=g","caption":"mondo"},"sameAs":["https:\/\/dev.mondoestudio.es\/twiga"],"url":"https:\/\/dev.mondoestudio.es\/twiga\/author\/mondo\/"}]}},"uagb_featured_image_src":{"full":["https:\/\/dev.mondoestudio.es\/twiga\/wp-content\/uploads\/2024\/03\/6RF2Y7FVRJC2THU5DY2VZY4I64.webp",1200,801,false],"thumbnail":["https:\/\/dev.mondoestudio.es\/twiga\/wp-content\/uploads\/2024\/03\/6RF2Y7FVRJC2THU5DY2VZY4I64-150x150.webp",150,150,true],"medium":["https:\/\/dev.mondoestudio.es\/twiga\/wp-content\/uploads\/2024\/03\/6RF2Y7FVRJC2THU5DY2VZY4I64-300x200.webp",300,200,true],"medium_large":["https:\/\/dev.mondoestudio.es\/twiga\/wp-content\/uploads\/2024\/03\/6RF2Y7FVRJC2THU5DY2VZY4I64-768x513.webp",768,513,true],"large":["https:\/\/dev.mondoestudio.es\/twiga\/wp-content\/uploads\/2024\/03\/6RF2Y7FVRJC2THU5DY2VZY4I64-1024x684.webp",1024,684,true],"1536x1536":["https:\/\/dev.mondoestudio.es\/twiga\/wp-content\/uploads\/2024\/03\/6RF2Y7FVRJC2THU5DY2VZY4I64.webp",1200,801,false],"2048x2048":["https:\/\/dev.mondoestudio.es\/twiga\/wp-content\/uploads\/2024\/03\/6RF2Y7FVRJC2THU5DY2VZY4I64.webp",1200,801,false]},"uagb_author_info":{"display_name":"mondo","author_link":"https:\/\/dev.mondoestudio.es\/twiga\/author\/mondo\/"},"uagb_comment_info":0,"uagb_excerpt":"Las empresas promueven la comunicaci\u00f3n no violenta para evitar conflictos, realizar evaluaciones de desempe\u00f1o y mejorar la motivaci\u00f3n.","_links":{"self":[{"href":"https:\/\/dev.mondoestudio.es\/twiga\/wp-json\/wp\/v2\/posts\/822","targetHints":{"allow":["GET"]}}],"collection":[{"href":"https:\/\/dev.mondoestudio.es\/twiga\/wp-json\/wp\/v2\/posts"}],"about":[{"href":"https:\/\/dev.mondoestudio.es\/twiga\/wp-json\/wp\/v2\/types\/post"}],"author":[{"embeddable":true,"href":"https:\/\/dev.mondoestudio.es\/twiga\/wp-json\/wp\/v2\/users\/1"}],"replies":[{"embeddable":true,"href":"https:\/\/dev.mondoestudio.es\/twiga\/wp-json\/wp\/v2\/comments?post=822"}],"version-history":[{"count":9,"href":"https:\/\/dev.mondoestudio.es\/twiga\/wp-json\/wp\/v2\/posts\/822\/revisions"}],"predecessor-version":[{"id":3851,"href":"https:\/\/dev.mondoestudio.es\/twiga\/wp-json\/wp\/v2\/posts\/822\/revisions\/3851"}],"wp:featuredmedia":[{"embeddable":true,"href":"https:\/\/dev.mondoestudio.es\/twiga\/wp-json\/wp\/v2\/media\/824"}],"wp:attachment":[{"href":"https:\/\/dev.mondoestudio.es\/twiga\/wp-json\/wp\/v2\/media?parent=822"}],"wp:term":[{"taxonomy":"category","embeddable":true,"href":"https:\/\/dev.mondoestudio.es\/twiga\/wp-json\/wp\/v2\/categories?post=822"},{"taxonomy":"post_tag","embeddable":true,"href":"https:\/\/dev.mondoestudio.es\/twiga\/wp-json\/wp\/v2\/tags?post=822"}],"curies":[{"name":"wp","href":"https:\/\/api.w.org\/{rel}","templated":true}]}}